{"id":36055,"date":"2019-08-12T18:03:26","date_gmt":"2019-08-12T21:03:26","guid":{"rendered":"https:\/\/tvtecjundiai.com.br\/news\/?p=36055"},"modified":"2019-08-12T18:08:37","modified_gmt":"2019-08-12T21:08:37","slug":"coderp-visita-cijun-e-tvtec-em-busca-de-modelos-de-solucoes","status":"publish","type":"post","link":"https:\/\/tvtecjundiai.com.br\/news\/2019\/08\/12\/coderp-visita-cijun-e-tvtec-em-busca-de-modelos-de-solucoes\/","title":{"rendered":"Coderp visita Cijun e TVTEC em busca de &#8216;modelos de solu\u00e7\u00f5es&#8217;"},"content":{"rendered":"<p>A jornalista M\u00f4nica Gropelo, superintende da Funda\u00e7\u00e3o TVE Jundia\u00ed &#8211; Rede TVTEC recebeu, nesta segunda-feira (12) a visita de uma comitiva da Companhia de Desenvolvimento Econ\u00f4mico de Ribeir\u00e3o Preto (Coderp), liderada pelo diretor-presidente da entidade, Aur\u00edlio S\u00e9rgio Costa Caiado que foi acompanhada pela c\u00fapula da Companhia Jundiaiense de Inform\u00e1tica (Cijun).\u00a0 &#8220;Estou \u00e0 frente da Coderp h\u00e1 40 dias. Estou chegando e a gente precisa fazer um reposicionamento estrat\u00e9gico completo da empresa&#8221;, explica o executivo.<\/p>\n<div id=\"attachment_36057\" style=\"width: 496px\" class=\"wp-caption alignright\"><a href=\"https:\/\/tvtecjundiai.com.br\/news\/wp-content\/uploads\/sites\/2\/2019\/08\/coderp.jpg\"><img loading=\"lazy\" decoding=\"async\" aria-describedby=\"caption-attachment-36057\" class=\"wp-image-36057\" src=\"https:\/\/tvtecjundiai.com.br\/news\/wp-content\/uploads\/sites\/2\/2019\/08\/coderp-300x169.jpg\" alt=\"\" width=\"486\" height=\"274\" \/><\/a><p id=\"caption-attachment-36057\" class=\"wp-caption-text\">O presidente da Coderp, Aur\u00edlio (primeiro da direita para a esquerda), em visita \u00e0 TVTEC em busca de novos modelos e reposicionamento estrat\u00e9gico<\/p><\/div>\n<p>Para Aur\u00edlio, a Coderp conserva ainda uma vis\u00e3o de prestadora de servi\u00e7o e desenvolvedora de software que precisa ser rompida &#8211; o\u00a0<em>core<\/em> da empresa \u00e9 uma f\u00e1brica de software &#8211; e isso \u00e9 uma vis\u00e3o antiga. Ela precisa passar a ser uma e empresa de solu\u00e7\u00f5es. E sem d\u00favida na Cijun a gente encontra um modelo, ela est\u00e1 bem \u00e0 frente da gente, como tamb\u00e9m encontramos um model na rela\u00e7\u00e3o entre a Cijun e a TVTEC. S\u00e3o exemplos que nos ajudar\u00e3o bastante a romper com o modelo antigo&#8221;, completa.<\/p>\n<p>O diretor-presidente da Cijun, Amauri Marquezi de Luca, lembra que Jundia\u00ed vem realizando trabalho de aproxima\u00e7\u00e3o com alguns munic\u00edpios que t\u00eam interesse nas solu\u00e7\u00f5es adotadas aqui. &#8220;Ribeir\u00e3o Preto nos contatou interessado em ver as solu\u00e7\u00f5es que temos disponibilizado e n\u00f3s os estamos guiando por elas, entre as quais a TVTEC. Falamos do trabalho, das solu\u00e7\u00f5es desenvolvidas em conjunto com a emissora e a visita traz isso para os pontos de interesse em inova\u00e7\u00f5es, de transforma\u00e7\u00e3o digital &#8211; a TVTEC \u00e9 pioneira nesse sentido&#8221;, comenta Amauri.<\/p>\n<p>M\u00f4nica ciceroneou a comitiva pelas depend\u00eancias da TVTEC e deu informa\u00e7\u00f5es sobre os trabalhos que, a partir do projeto do prefeito Luiz Fernando Machado, a transformaram de uma emissora digital, de baixo alcance e audi\u00eancia limitada, na primeira escola p\u00fablica municipal gratuita de tecnologia digital e produ\u00e7\u00e3o audiovisual, que ofereceu 2685 vagas em dois anos para 35 modalidades de qualifica\u00e7\u00e3o, al\u00e9m de continuar funcionando como plataforma multim\u00eddia de utilidade p\u00fablica, focada em economia criativa e empreendedorismo.<\/p>\n","protected":false},"excerpt":{"rendered":"<p>A visita foi acompanhada pelo presidente da Cijun, Amauri Marchezi de Luca<\/p>\n","protected":false},"author":8,"featured_media":36057,"comment_status":"closed","ping_status":"closed","sticky":false,"template":"","format":"standard","meta":{"footnotes":""},"categories":[29,2836,1],"tags":[607,5774,5773,5775],"class_list":["post-36055","post","type-post","status-publish","format-standard","has-post-thumbnail","hentry","category-destaque","category-informatica","category-noticias","tag-cijun","tag-coderp","tag-tecnologia-de-informacao","tag-tvte"],"_links":{"self":[{"href":"https:\/\/tvtecjundiai.com.br\/news\/wp-json\/wp\/v2\/posts\/36055","targetHints":{"allow":["GET"]}}],"collection":[{"href":"https:\/\/tvtecjundiai.com.br\/news\/wp-json\/wp\/v2\/posts"}],"about":[{"href":"https:\/\/tvtecjundiai.com.br\/news\/wp-json\/wp\/v2\/types\/post"}],"author":[{"embeddable":true,"href":"https:\/\/tvtecjundiai.com.br\/news\/wp-json\/wp\/v2\/users\/8"}],"replies":[{"embeddable":true,"href":"https:\/\/tvtecjundiai.com.br\/news\/wp-json\/wp\/v2\/comments?post=36055"}],"version-history":[{"count":2,"href":"https:\/\/tvtecjundiai.com.br\/news\/wp-json\/wp\/v2\/posts\/36055\/revisions"}],"predecessor-version":[{"id":36061,"href":"https:\/\/tvtecjundiai.com.br\/news\/wp-json\/wp\/v2\/posts\/36055\/revisions\/36061"}],"wp:featuredmedia":[{"embeddable":true,"href":"https:\/\/tvtecjundiai.com.br\/news\/wp-json\/wp\/v2\/media\/36057"}],"wp:attachment":[{"href":"https:\/\/tvtecjundiai.com.br\/news\/wp-json\/wp\/v2\/media?parent=36055"}],"wp:term":[{"taxonomy":"category","embeddable":true,"href":"https:\/\/tvtecjundiai.com.br\/news\/wp-json\/wp\/v2\/categories?post=36055"},{"taxonomy":"post_tag","embeddable":true,"href":"https:\/\/tvtecjundiai.com.br\/news\/wp-json\/wp\/v2\/tags?post=36055"}],"curies":[{"name":"wp","href":"https:\/\/api.w.org\/{rel}","templated":true}]}}