{"id":36446,"date":"2019-08-20T11:41:40","date_gmt":"2019-08-20T14:41:40","guid":{"rendered":"https:\/\/tvtecjundiai.com.br\/news\/?p=36446"},"modified":"2019-08-20T17:46:51","modified_gmt":"2019-08-20T20:46:51","slug":"novo-rg-comeca-a-ser-emitido-em-todo-o-estado-de-sp-a-partir-desta-terca-20","status":"publish","type":"post","link":"https:\/\/tvtecjundiai.com.br\/news\/2019\/08\/20\/novo-rg-comeca-a-ser-emitido-em-todo-o-estado-de-sp-a-partir-desta-terca-20\/","title":{"rendered":"Novo RG come\u00e7a a ser emitido em todo o Estado de SP a partir desta ter\u00e7a (20)"},"content":{"rendered":"<div class=\"mc-column content-text active-extra-styles \" data-block-type=\"unstyled\" data-block-weight=\"40\" data-block-id=\"2\">\n<p class=\"content-text__container \" data-track-category=\"Link no Texto\" data-track-links=\"\">O estado de S\u00e3o Paulo passar\u00e1 a emitir a partir desta ter\u00e7a-feira (20) o novo modelo de carteira de identidade. Entre as mudan\u00e7as no novo RG est\u00e3o a dimens\u00e3o reduzida e novos dispositivos que aumentar\u00e3o a seguran\u00e7a contra falsifica\u00e7\u00e3o.<\/p>\n<div id=\"attachment_36447\" style=\"width: 410px\" class=\"wp-caption alignleft\"><a href=\"https:\/\/tvtecjundiai.com.br\/news\/wp-content\/uploads\/sites\/2\/2019\/08\/carteira-de-identidade.jpg\"><img loading=\"lazy\" decoding=\"async\" aria-describedby=\"caption-attachment-36447\" class=\"wp-image-36447\" src=\"https:\/\/tvtecjundiai.com.br\/news\/wp-content\/uploads\/sites\/2\/2019\/08\/carteira-de-identidade-300x285.jpg\" alt=\"\" width=\"400\" height=\"380\" srcset=\"https:\/\/tvtecjundiai.com.br\/news\/wp-content\/uploads\/sites\/2\/2019\/08\/carteira-de-identidade-300x285.jpg 300w, https:\/\/tvtecjundiai.com.br\/news\/wp-content\/uploads\/sites\/2\/2019\/08\/carteira-de-identidade-768x730.jpg 768w, https:\/\/tvtecjundiai.com.br\/news\/wp-content\/uploads\/sites\/2\/2019\/08\/carteira-de-identidade.jpg 1000w\" sizes=\"auto, (max-width: 400px) 100vw, 400px\" \/><\/a><p id=\"caption-attachment-36447\" class=\"wp-caption-text\">Poupatempo come\u00e7a a emitir novo RG<\/p><\/div>\n<\/div>\n<div class=\"wall protected-content\">\n<div class=\"mc-column content-text active-extra-styles \" data-block-type=\"unstyled\" data-block-weight=\"43\" data-block-id=\"3\">\n<p class=\"content-text__container \" data-track-category=\"Link no Texto\" data-track-links=\"\">Outra novidade \u00e9 que o novo modelo possibilita ao cidad\u00e3o incluir informa\u00e7\u00f5es de outros documentos como t\u00edtulo de eleitor, numera\u00e7\u00e3o da carteira de trabalho, certificado militar, carteira nacional de habilita\u00e7\u00e3o, al\u00e9m de outros dados como indicativos de necessidades especiais e tipo sangu\u00edneo.<\/p>\n<\/div>\n<div class=\"mc-column content-text active-extra-styles \" data-block-type=\"unstyled\" data-block-weight=\"42\" data-block-id=\"4\">\n<p class=\"content-text__container \" data-track-category=\"Link no Texto\" data-track-links=\"\">O cidad\u00e3o tamb\u00e9m poder\u00e1 optar por colocar o seu nome social no documento, sem a necessidade de altera\u00e7\u00e3o do registro civil. Para aumentar a seguran\u00e7a, o novo modelo conta com um QR Code que serve para garantir a autenticidade do documento.<\/p>\n<div class=\"mc-column content-text active-extra-styles \" data-block-type=\"unstyled\" data-block-weight=\"38\" data-block-id=\"7\">\n<p class=\"content-text__container \" data-track-category=\"Link no Texto\" data-track-links=\"\">Apesar dos novos par\u00e2metros, a vers\u00e3o antiga da carteira de identidade continua valendo. Aqueles que v\u00e3o tirar o RG pela primeira vez ou que precisam de uma segunda via do documento j\u00e1 ter\u00e3o acesso ao novo modelo.<\/p>\n<\/div>\n<div class=\"mc-column content-text active-extra-styles \" data-block-type=\"unstyled\" data-block-weight=\"68\" data-block-id=\"8\">\n<p class=\"content-text__container \" data-track-category=\"Link no Texto\" data-track-links=\"\">A emiss\u00e3o \u00e9 feita pela Secretaria de Seguran\u00e7a P\u00fablica do Estado de S\u00e3o Paulo (SSP) por interm\u00e9dio do Instituto de Identifica\u00e7\u00e3o Ricardo Gumbleton Daunt (IIRGD\/DIPOL), da Pol\u00edcia Civil. O servi\u00e7o estar\u00e1 dispon\u00edvel em todos os postos do Poupatempo e pode ser agendado gratuitamente por meio do\u00a0<a href=\"https:\/\/www.poupatempo.sp.gov.br\/\" target=\"_blank\" rel=\"noopener noreferrer\">site<\/a>. A primeira via do documento \u00e9 gratuita e, caso o cidad\u00e3o precise da segunda via do documento, \u00e9 de R$39,80.<\/p>\n<\/div>\n<div class=\"mc-column content-text active-extra-styles\" data-block-type=\"raw\" data-block-weight=\"1\" data-block-id=\"9\">\n<div class=\"content-intertitle\">\n<p><strong>Brasil<\/strong><\/p>\n<\/div>\n<\/div>\n<div data-track-category=\"multicontent\" data-track-action=\"ultimo chunk conteudo\" data-track-noninteraction=\"false\" data-track-scroll=\"view\">\n<div class=\"mc-column content-text active-extra-styles \" data-block-type=\"unstyled\" data-block-weight=\"66\" data-block-id=\"10\">\n<p class=\"content-text__container \" data-track-category=\"Link no Texto\" data-track-links=\"\">As mudan\u00e7as na carteira de identidade seguem as regras dispostas pelo Decreto Federal n\u00ba\u00a09.278\/2018, que padroniza o documento nacionalmente. Oito estados j\u00e1 aderiram ao novo formato, s\u00e3o eles: Goi\u00e1s, Mato Grosso, Acre, Maranh\u00e3o, Cear\u00e1, Rio de Janeiro, Paran\u00e1 e Rio Grande do Sul, al\u00e9m do Distrito Federal. Aqueles que ainda n\u00e3o aderiram t\u00eam at\u00e9 mar\u00e7o de 2020 para atender as normas da nova regulamenta\u00e7\u00e3o.<\/p>\n<p data-track-category=\"Link no Texto\" data-track-links=\"\"><em>(Fonte\/Imagem: G1)<\/em><\/p>\n<\/div>\n<\/div>\n<\/div>\n<\/div>\n","protected":false},"excerpt":{"rendered":"<p>Entre as mudan\u00e7as est\u00e1 a possibilidade de incluir informa\u00e7\u00f5es de outros documentos<\/p>\n","protected":false},"author":13,"featured_media":36448,"comment_status":"closed","ping_status":"closed","sticky":false,"template":"","format":"standard","meta":{"footnotes":""},"categories":[2834,1],"tags":[],"class_list":["post-36446","post","type-post","status-publish","format-standard","has-post-thumbnail","hentry","category-cidades","category-noticias"],"_links":{"self":[{"href":"https:\/\/tvtecjundiai.com.br\/news\/wp-json\/wp\/v2\/posts\/36446","targetHints":{"allow":["GET"]}}],"collection":[{"href":"https:\/\/tvtecjundiai.com.br\/news\/wp-json\/wp\/v2\/posts"}],"about":[{"href":"https:\/\/tvtecjundiai.com.br\/news\/wp-json\/wp\/v2\/types\/post"}],"author":[{"embeddable":true,"href":"https:\/\/tvtecjundiai.com.br\/news\/wp-json\/wp\/v2\/users\/13"}],"replies":[{"embeddable":true,"href":"https:\/\/tvtecjundiai.com.br\/news\/wp-json\/wp\/v2\/comments?post=36446"}],"version-history":[{"count":4,"href":"https:\/\/tvtecjundiai.com.br\/news\/wp-json\/wp\/v2\/posts\/36446\/revisions"}],"predecessor-version":[{"id":36490,"href":"https:\/\/tvtecjundiai.com.br\/news\/wp-json\/wp\/v2\/posts\/36446\/revisions\/36490"}],"wp:featuredmedia":[{"embeddable":true,"href":"https:\/\/tvtecjundiai.com.br\/news\/wp-json\/wp\/v2\/media\/36448"}],"wp:attachment":[{"href":"https:\/\/tvtecjundiai.com.br\/news\/wp-json\/wp\/v2\/media?parent=36446"}],"wp:term":[{"taxonomy":"category","embeddable":true,"href":"https:\/\/tvtecjundiai.com.br\/news\/wp-json\/wp\/v2\/categories?post=36446"},{"taxonomy":"post_tag","embeddable":true,"href":"https:\/\/tvtecjundiai.com.br\/news\/wp-json\/wp\/v2\/tags?post=36446"}],"curies":[{"name":"wp","href":"https:\/\/api.w.org\/{rel}","templated":true}]}}