{"id":366,"date":"2017-09-05T09:58:11","date_gmt":"2017-09-05T12:58:11","guid":{"rendered":"https:\/\/tvtecjundiai.com.br\/news\/?p=366"},"modified":"2017-09-06T11:51:08","modified_gmt":"2017-09-06T14:51:08","slug":"autoban-calcula-circulacao-de-820-mil-veiculos","status":"publish","type":"post","link":"https:\/\/tvtecjundiai.com.br\/news\/2017\/09\/05\/autoban-calcula-circulacao-de-820-mil-veiculos\/","title":{"rendered":"Feriado: AutoBAn calcula circula\u00e7\u00e3o de 820 mil ve\u00edculos em rodovias"},"content":{"rendered":"<p>Neste feriado prolongado do Dia da Independ\u00eancia do Brasil, a CCR AutoBAn espera a circula\u00e7\u00e3o no Sistema Anhanguera-Bandeirantes de aproximadamente 820 mil ve\u00edculos, entre sa\u00edda e chegada \u00e0 Capital, no per\u00edodo de cinco dias: de quarta-feira, 6 de setembro, a domingo, 10 de setembro.<\/p>\n<p><strong>Hor\u00e1rios de pico<\/strong><br \/>\nOs hor\u00e1rios de maior movimento no Sistema Anhanguera-Bandeirantes est\u00e3o previstos para:<br \/>\n-Quarta-feira, 6 de setembro, das 15 \u00e0s 20 horas;<br \/>\n-Quinta-feira, 7 de setembro, das 8 \u00e0s 14 horas;<br \/>\n-Domingo, 10 de setembro, das 12 \u00e0s 22 horas.<\/p>\n<p><strong>LEIA TAMB\u00c9M:<br \/>\n<a href=\"https:\/\/tvtecjundiai.com.br\/news\/2017\/09\/04\/economia-gasolina-vai-subir-33-nas-refinarias-diesel-01\/\" target=\"_blank\" rel=\"noopener\">Economia: gasolina vai subir 3,3% nas refinarias; diesel 0,1%<\/a><\/strong><\/p>\n<p><strong>Opera\u00e7\u00e3o Caminh\u00e3o<\/strong><br \/>\nNa quinta-feira, 7 de setembro, feriado do Dia da Independ\u00eancia do Brasil, e no domingo (10), das 14 \u00e0s 22 horas, os caminh\u00f5es que se destinam \u00e0 Capital pela Rodovia dos Bandeirantes devem utilizar a Via Anhanguera no trecho do km 48 ao km 23, entre Jundia\u00ed e S\u00e3o Paulo, acessando a rodovia pela Sa\u00edda 48 da Bandeirantes. O desvio tem como objetivo melhorar a distribui\u00e7\u00e3o do tr\u00e1fego. A concession\u00e1ria prestar\u00e1 apoio \u00e0 fiscaliza\u00e7\u00e3o feita pela Pol\u00edcia Militar Rodovi\u00e1ria.<\/p>\n<p><strong>Dados Comparativos<\/strong><br \/>\nEm virtude das caracter\u00edsticas deste feriado prolongado \u2013 cinco dias de opera\u00e7\u00e3o a partir de quarta-feira \u2013 ser\u00e3o utilizados, para efeito de compara\u00e7\u00e3o, os dados referentes ao feriado prolongado mais recente, Corpus Christi, que aconteceu entre os dias 14 e 18 de junho. A \u00faltima opera\u00e7\u00e3o do Dia da Independ\u00eancia com caracter\u00edsticas iguais a deste ano ocorreu h\u00e1 onze anos, em 2006.<\/p>\n<p>Na opera\u00e7\u00e3o de feriado de Corpus Christi de 2017, circularam pelo Sistema Anhanguera-Bandeirantes, entre sa\u00edda e chegada \u00e0 capital, 807 mil ve\u00edculos. Neste per\u00edodo, foram registrados 80 acidentes, 61 feridos e 3 mortes.<\/p>\n","protected":false},"excerpt":{"rendered":"<p>A estimativa leva em conta cinco dias, de 6 a 10 de setembro<\/p>\n","protected":false},"author":6,"featured_media":368,"comment_status":"closed","ping_status":"closed","sticky":false,"template":"","format":"standard","meta":{"footnotes":""},"categories":[1],"tags":[166,168,169,5,170,167],"class_list":["post-366","post","type-post","status-publish","format-standard","has-post-thumbnail","hentry","category-noticias","tag-ccr-autoban","tag-dia-da-independencia-do-brasil","tag-feriado","tag-jundiai","tag-movimento-nas-estradas","tag-sistema-anhanguera-bandeirantes"],"_links":{"self":[{"href":"https:\/\/tvtecjundiai.com.br\/news\/wp-json\/wp\/v2\/posts\/366","targetHints":{"allow":["GET"]}}],"collection":[{"href":"https:\/\/tvtecjundiai.com.br\/news\/wp-json\/wp\/v2\/posts"}],"about":[{"href":"https:\/\/tvtecjundiai.com.br\/news\/wp-json\/wp\/v2\/types\/post"}],"author":[{"embeddable":true,"href":"https:\/\/tvtecjundiai.com.br\/news\/wp-json\/wp\/v2\/users\/6"}],"replies":[{"embeddable":true,"href":"https:\/\/tvtecjundiai.com.br\/news\/wp-json\/wp\/v2\/comments?post=366"}],"version-history":[{"count":3,"href":"https:\/\/tvtecjundiai.com.br\/news\/wp-json\/wp\/v2\/posts\/366\/revisions"}],"predecessor-version":[{"id":381,"href":"https:\/\/tvtecjundiai.com.br\/news\/wp-json\/wp\/v2\/posts\/366\/revisions\/381"}],"wp:featuredmedia":[{"embeddable":true,"href":"https:\/\/tvtecjundiai.com.br\/news\/wp-json\/wp\/v2\/media\/368"}],"wp:attachment":[{"href":"https:\/\/tvtecjundiai.com.br\/news\/wp-json\/wp\/v2\/media?parent=366"}],"wp:term":[{"taxonomy":"category","embeddable":true,"href":"https:\/\/tvtecjundiai.com.br\/news\/wp-json\/wp\/v2\/categories?post=366"},{"taxonomy":"post_tag","embeddable":true,"href":"https:\/\/tvtecjundiai.com.br\/news\/wp-json\/wp\/v2\/tags?post=366"}],"curies":[{"name":"wp","href":"https:\/\/api.w.org\/{rel}","templated":true}]}}