{"id":37277,"date":"2019-09-04T10:18:43","date_gmt":"2019-09-04T13:18:43","guid":{"rendered":"https:\/\/tvtecjundiai.com.br\/news\/?p=37277"},"modified":"2019-09-05T12:19:45","modified_gmt":"2019-09-05T15:19:45","slug":"comandante-carla-aborda-estresse-no-trabalho-policial-no-evento-suicidio-as-dores-da-alma-1","status":"publish","type":"post","link":"https:\/\/tvtecjundiai.com.br\/news\/2019\/09\/04\/comandante-carla-aborda-estresse-no-trabalho-policial-no-evento-suicidio-as-dores-da-alma-1\/","title":{"rendered":"Comandante Carla aborda estresse no trabalho policial no evento &#8216;Suic\u00eddio: As Dores da Alma&#8217;"},"content":{"rendered":"<p>A tenente-coronel Carla Basson, comandante do 11\u00ba Batalh\u00e3o de Pol\u00edcia Militar do Interior (BPMI), sediado em Jundia\u00ed, \u00e9 uma das especialistas que participa do <a href=\"https:\/\/tvtecjundiai.com.br\/news\/2019\/09\/03\/especialistas-refletem-sobre-suicidio-as-dores-da-alma-no-teatro-polytheama-em-jundiai\/\" target=\"_blank\" rel=\"noopener noreferrer\"><em>Palco da Cidade: Suic\u00eddio, As Dores da Alma<\/em><\/a>.<\/p>\n<div id=\"attachment_37347\" style=\"width: 410px\" class=\"wp-caption alignleft\"><a href=\"https:\/\/tvtecjundiai.com.br\/news\/wp-content\/uploads\/sites\/2\/2019\/09\/carla-basson-1-e1567609491995.jpg\"><img loading=\"lazy\" decoding=\"async\" aria-describedby=\"caption-attachment-37347\" class=\"wp-image-37347\" src=\"https:\/\/tvtecjundiai.com.br\/news\/wp-content\/uploads\/sites\/2\/2019\/09\/carla-basson-1-e1567609491995.jpg\" alt=\"\" width=\"400\" height=\"524\" srcset=\"https:\/\/tvtecjundiai.com.br\/news\/wp-content\/uploads\/sites\/2\/2019\/09\/carla-basson-1-e1567609491995.jpg 522w, https:\/\/tvtecjundiai.com.br\/news\/wp-content\/uploads\/sites\/2\/2019\/09\/carla-basson-1-e1567609491995-300x393.jpg 300w\" sizes=\"auto, (max-width: 400px) 100vw, 400px\" \/><\/a><p id=\"caption-attachment-37347\" class=\"wp-caption-text\">\u201cO policial atende a ocorr\u00eancia e v\u00ea, ouve, sente o lado da fam\u00edlia\u201d, explica a comandante do 11\u00ba BPMI<\/p><\/div>\n<p><em>Palco da Cidade: Suic\u00eddio, As Dores da Alma<\/em> integra a campanha do Setembro Amarelo, m\u00eas de conscientiza\u00e7\u00e3o e preven\u00e7\u00e3o do suic\u00eddio \u2013 considerada a quarta principal causa de morte entre adolescentes e jovens no Brasil, segundo dados da Organiza\u00e7\u00e3o Mundial da Sa\u00fade (OMS).<\/p>\n<p>&#8220;\u00c9 a quarta edi\u00e7\u00e3o do evento que considero important\u00edssimo, por refletir sobre a ess\u00eancia do ser humano e desta vez buscar mostrar a face final das dores que ele sente, dores interiores e invis\u00edveis que o levam \u00e0s vezes ao extremo de interromper a pr\u00f3pria vida &#8220;, comenta a comandante do 11\u00ba BPMI.<\/p>\n<p>A tenente-coronel Carla recorda que na sua profiss\u00e3o trabalha-se nos limites da sociedade e do ser humano. &#8220;Tamb\u00e9m no limite do ser humano que est\u00e1 dentro de uma farda, o policial. Ao atender uma ocorr\u00eancia ele v\u00ea, ouve e sente o lado da fam\u00edlia, daqueles que n\u00e3o entendem os acontecimentos&#8221;, comenta a oficial.<\/p>\n<p>&#8220;Embora sejamos pessoas que trabalham com a seguran\u00e7a p\u00fablica, temos um hist\u00f3rico familiar, uma base familiar, voltamos ao nosso lar ao t\u00e9rmino das ocorr\u00eancias e precisamos estar inteiros para voltar ao seio da fam\u00edlia, para continuar o nosso outro papel&#8221;, completa.<\/p>\n<p>Para ela, o alto \u00edndice de estresse que recai sobre a atividade policial \u00e9 respons\u00e1vel por um dos maiores \u00edndices de suic\u00eddios do pa\u00eds. &#8220;\u00c9 uma das profiss\u00f5es das mais estressantes do mundo. Para evitar esse quadro temos algumas a\u00e7\u00f5es que aliviam essa carga pesada e procuram ajudar a mulher e o homem policiais a compreenderem e a administrarem melhor as situa\u00e7\u00f5es pelas quais passam&#8221;, explica a comandante Carla.<\/p>\n<p><em>Palco da Cidade: Suic\u00eddio: As Dores da Alma<\/em>\u00a0\u00e9 uma iniciativa da Prefeitura de Jundia\u00ed, numa causa abra\u00e7ada pelo prefeito Luiz Fernando Machado desde 2016. \u00c9 promovido e realizado em parceria entre a Unidade de Gest\u00e3o de Promo\u00e7\u00e3o da Sa\u00fade, CVV \u2013 Centro de Valoriza\u00e7\u00e3o da Vida, com produ\u00e7\u00e3o da TVTEC e Unidade de Gest\u00e3o de Inova\u00e7\u00e3o e Rela\u00e7\u00e3o com o Cidad\u00e3o (Ugirc), Unidade de Gest\u00e3o de Cultura e Teatro Polytheama. E com apoio da PM, FMJ, HU, Hospital S\u00e3o Vicente, Escola Divina Provid\u00eancia, Centro Budista Kadampa e imprensa local. O encontro ser\u00e1 gratuito e aberto ao p\u00fablico. Interessados devem retirar os ingressos gratuitos na bilheteria do Teatro, no dia 12 de setembro, a partir das 10 horas.<\/p>\n<p><em>(Por Pedro F\u00e1varo Jr. e Caroline Ferreira)<\/em><\/p>\n<p>&nbsp;<\/p>\n","protected":false},"excerpt":{"rendered":"<p>O evento, da Prefeitura de Jundia\u00ed, ser\u00e1 no Polytheama, na sexta (13), a partir das 19h<\/p>\n","protected":false},"author":8,"featured_media":37369,"comment_status":"closed","ping_status":"closed","sticky":false,"template":"","format":"standard","meta":{"footnotes":""},"categories":[1,2839],"tags":[5813,5812,5818],"class_list":["post-37277","post","type-post","status-publish","format-standard","has-post-thumbnail","hentry","category-noticias","category-saude","tag-as-dores-da-alma","tag-palco-da-cidade-suicidio","tag-pedro-favaro-jr-e-caroline-ferreira"],"_links":{"self":[{"href":"https:\/\/tvtecjundiai.com.br\/news\/wp-json\/wp\/v2\/posts\/37277","targetHints":{"allow":["GET"]}}],"collection":[{"href":"https:\/\/tvtecjundiai.com.br\/news\/wp-json\/wp\/v2\/posts"}],"about":[{"href":"https:\/\/tvtecjundiai.com.br\/news\/wp-json\/wp\/v2\/types\/post"}],"author":[{"embeddable":true,"href":"https:\/\/tvtecjundiai.com.br\/news\/wp-json\/wp\/v2\/users\/8"}],"replies":[{"embeddable":true,"href":"https:\/\/tvtecjundiai.com.br\/news\/wp-json\/wp\/v2\/comments?post=37277"}],"version-history":[{"count":23,"href":"https:\/\/tvtecjundiai.com.br\/news\/wp-json\/wp\/v2\/posts\/37277\/revisions"}],"predecessor-version":[{"id":37431,"href":"https:\/\/tvtecjundiai.com.br\/news\/wp-json\/wp\/v2\/posts\/37277\/revisions\/37431"}],"wp:featuredmedia":[{"embeddable":true,"href":"https:\/\/tvtecjundiai.com.br\/news\/wp-json\/wp\/v2\/media\/37369"}],"wp:attachment":[{"href":"https:\/\/tvtecjundiai.com.br\/news\/wp-json\/wp\/v2\/media?parent=37277"}],"wp:term":[{"taxonomy":"category","embeddable":true,"href":"https:\/\/tvtecjundiai.com.br\/news\/wp-json\/wp\/v2\/categories?post=37277"},{"taxonomy":"post_tag","embeddable":true,"href":"https:\/\/tvtecjundiai.com.br\/news\/wp-json\/wp\/v2\/tags?post=37277"}],"curies":[{"name":"wp","href":"https:\/\/api.w.org\/{rel}","templated":true}]}}