{"id":3728,"date":"2017-12-06T15:49:02","date_gmt":"2017-12-06T17:49:02","guid":{"rendered":"https:\/\/tvtecjundiai.com.br\/news\/?p=3728"},"modified":"2017-12-06T15:49:02","modified_gmt":"2017-12-06T17:49:02","slug":"cultura-sexta-no-centro-tem-programacao-especial-de-natal","status":"publish","type":"post","link":"https:\/\/tvtecjundiai.com.br\/news\/2017\/12\/06\/cultura-sexta-no-centro-tem-programacao-especial-de-natal\/","title":{"rendered":"Cultura: &#8216;Sexta no Centro&#8217; tem programa\u00e7\u00e3o especial de Natal"},"content":{"rendered":"<p>O \u201cSexta no Centro\u201d de dezembro entra nas comemora\u00e7\u00f5es do anivers\u00e1rio de 362 anos de Jundia\u00ed e vem com a tem\u00e1tica de edi\u00e7\u00e3o Especial de Natal no dia 8. A festa \u00e9 uma realiza\u00e7\u00e3o conjunta das Unidades de Gest\u00e3o de Cultura e de Agroneg\u00f3cio, Abastecimento e Turismo e \u00e9 realizada mensalmente na Pra\u00e7a Marechal Floriano Peixoto, a Pra\u00e7a do Coreto.<\/p>\n<div id=\"attachment_3729\" style=\"width: 481px\" class=\"wp-caption alignright\"><a href=\"https:\/\/tvtecjundiai.com.br\/news\/wp-content\/uploads\/sites\/2\/2017\/12\/sexta-no-centro1.jpg\"><img loading=\"lazy\" decoding=\"async\" aria-describedby=\"caption-attachment-3729\" class=\"wp-image-3729\" src=\"https:\/\/tvtecjundiai.com.br\/news\/wp-content\/uploads\/sites\/2\/2017\/12\/sexta-no-centro1-300x199.jpg\" alt=\"\" width=\"471\" height=\"313\" \/><\/a><p id=\"caption-attachment-3729\" class=\"wp-caption-text\">A festa passou a ser realizada no Coreto, a fim de aproveitar a estrutura do local e expandir a oferta cultural pelo Centro<\/p><\/div>\n<p>A Banda Old Chevy \u00e9 a primeira que sobe ao palco do coreto, a partir das 18h, com uma homenagem \u00e0 m\u00fasica e ao estilo dos anos 1950 e 1960, como o jazz, rockabilly, blues, soul e pop, al\u00e9m de ritmos latinos e temas de filmes desse per\u00edodo.<\/p>\n<p><a href=\"https:\/\/www.jundiai.sp.gov.br\/362anos\/\" target=\"_blank\" rel=\"noopener\"><strong>CONFIRA A PROGRAMA\u00c7\u00c3O COMPLETA DE ANIVERS\u00c1RIO<\/strong><\/a><\/p>\n<p>J\u00e1 a partir das 20h, \u00e9 a vez da apresenta\u00e7\u00e3o da Bandinha Amigos do Samba, que traz em seu repert\u00f3rio variado can\u00e7\u00f5es do cl\u00e1ssico ao popular, como Ray Conniff, Luiz Gonzaga, Pixinguinha, m\u00fasicas italianas e alem\u00e3s, temas carnavalescos, forr\u00f3, samba e pagode. A Banda Old Chevy \u00e9 a primeira que sobe ao palco do coreto, a partir das 18h, com uma homenagem \u00e0 m\u00fasica e ao estilo dos anos 1950 e 1960, como o jazz, rockabilly, blues, soul e pop, al\u00e9m de ritmos latinos e temas de filmes desse per\u00edodo.<\/p>\n<p>Durante as atra\u00e7\u00f5es musicais, o p\u00fablico poder\u00e1 tamb\u00e9m acompanhar a atividade \u201cOs Arautos do Natal\u201d, uma interven\u00e7\u00e3o art\u00edstica e l\u00fadica dos palha\u00e7os do grupo Ateli\u00ea Casar\u00e3o com a popula\u00e7\u00e3o.<\/p>\n<p><strong>LEIA TAMB\u00c9M:<\/strong><br \/>\n<strong><a href=\"https:\/\/tvtecjundiai.com.br\/news\/2017\/12\/06\/cidades-peama-tera-nova-sala-maior-e-confortavel-para-atendimento\/\" target=\"_blank\" rel=\"noopener\">Cidades: Peama ter\u00e1 nova sala, maior e confort\u00e1vel, para atendimento<\/a><\/strong><\/p>\n<div id=\"attachment_3730\" style=\"width: 523px\" class=\"wp-caption alignleft\"><a href=\"https:\/\/tvtecjundiai.com.br\/news\/wp-content\/uploads\/sites\/2\/2017\/12\/sexta-no-centro2.jpg\"><img loading=\"lazy\" decoding=\"async\" aria-describedby=\"caption-attachment-3730\" class=\" wp-image-3730\" src=\"https:\/\/tvtecjundiai.com.br\/news\/wp-content\/uploads\/sites\/2\/2017\/12\/sexta-no-centro2-300x199.jpg\" alt=\"\" width=\"513\" height=\"340\" srcset=\"https:\/\/tvtecjundiai.com.br\/news\/wp-content\/uploads\/sites\/2\/2017\/12\/sexta-no-centro2-300x199.jpg 300w, https:\/\/tvtecjundiai.com.br\/news\/wp-content\/uploads\/sites\/2\/2017\/12\/sexta-no-centro2-768x510.jpg 768w, https:\/\/tvtecjundiai.com.br\/news\/wp-content\/uploads\/sites\/2\/2017\/12\/sexta-no-centro2-1200x797.jpg 1200w, https:\/\/tvtecjundiai.com.br\/news\/wp-content\/uploads\/sites\/2\/2017\/12\/sexta-no-centro2.jpg 2048w\" sizes=\"auto, (max-width: 513px) 100vw, 513px\" \/><\/a><p id=\"caption-attachment-3730\" class=\"wp-caption-text\">Barracas de gastronomia e dos artistas do Jundia\u00ed feito \u00e0 M\u00e3o marcam presen\u00e7a<\/p><\/div>\n<p>Para completar a festa, permission\u00e1rios das feiras e varej\u00f5es da cidade levar\u00e3o como op\u00e7\u00f5es gastron\u00f4micas lanches diversos, espetinhos, salgadinhos, p\u00e3es, pasteis, comida \u00e1rabe, derivados de milho, tapioca e frango frito, caldo de cana, al\u00e9m de sobremesas diversas, como doces, bolos, churros e salada de fruta.<\/p>\n<p>Quem conferir o evento poder\u00e1 tamb\u00e9m garantir as compras de Natal com o artesanato dos artistas do programa Jundia\u00ed feito \u00e0 M\u00e3o, que levar\u00e3o \u00e0 pra\u00e7a op\u00e7\u00f5es variadas de presentes, decora\u00e7\u00f5es natalinas e artigos em geral.<\/p>\n<p>A programa\u00e7\u00e3o dos eventos e toda a agenda cultural da cidade podem ser consultadas no Aplicativo Jundia\u00ed, que \u00e9 uma ferramenta para facilitar o acesso dos cidad\u00e3os aos servi\u00e7os da Prefeitura e pode ser baixado em qualquer smartphone\u00a0<strong><a href=\"https:\/\/play.google.com\/store\/apps\/details?id=br.gov.sp.cijun.appjun\" target=\"_blank\" rel=\"noopener noreferrer\">Android<\/a><\/strong>\u00a0ou\u00a0<strong><a href=\"https:\/\/itunes.apple.com\/br\/app\/prefeitura-de-jundiai\/id1211377720\" target=\"_blank\" rel=\"noopener noreferrer\">iPhone<\/a><\/strong>.Quem conferir o evento poder\u00e1 tamb\u00e9m garantir as compras de Natal com o artesanato dos artistas do programa Jundia\u00ed feito \u00e0 M\u00e3o, que levar\u00e3o \u00e0 pra\u00e7a op\u00e7\u00f5es variadas de presentes, decora\u00e7\u00f5es natalinas e artigos em geral.<\/p>\n<p><em>Fonte: Prefeitura de Jundia\u00ed<\/em><\/p>\n","protected":false},"excerpt":{"rendered":"<p>A bandas trazem estilos variados, como jazz, rockabilly e m\u00fasica popular<\/p>\n","protected":false},"author":6,"featured_media":3729,"comment_status":"closed","ping_status":"closed","sticky":false,"template":"","format":"standard","meta":{"footnotes":""},"categories":[29,1],"tags":[1768,1767,1627,84,5,1519],"class_list":["post-3728","post","type-post","status-publish","format-standard","has-post-thumbnail","hentry","category-destaque","category-noticias","tag-banda","tag-banda-old-chevy","tag-centro","tag-cultura","tag-jundiai","tag-sexta-no-centro"],"_links":{"self":[{"href":"https:\/\/tvtecjundiai.com.br\/news\/wp-json\/wp\/v2\/posts\/3728","targetHints":{"allow":["GET"]}}],"collection":[{"href":"https:\/\/tvtecjundiai.com.br\/news\/wp-json\/wp\/v2\/posts"}],"about":[{"href":"https:\/\/tvtecjundiai.com.br\/news\/wp-json\/wp\/v2\/types\/post"}],"author":[{"embeddable":true,"href":"https:\/\/tvtecjundiai.com.br\/news\/wp-json\/wp\/v2\/users\/6"}],"replies":[{"embeddable":true,"href":"https:\/\/tvtecjundiai.com.br\/news\/wp-json\/wp\/v2\/comments?post=3728"}],"version-history":[{"count":5,"href":"https:\/\/tvtecjundiai.com.br\/news\/wp-json\/wp\/v2\/posts\/3728\/revisions"}],"predecessor-version":[{"id":3735,"href":"https:\/\/tvtecjundiai.com.br\/news\/wp-json\/wp\/v2\/posts\/3728\/revisions\/3735"}],"wp:featuredmedia":[{"embeddable":true,"href":"https:\/\/tvtecjundiai.com.br\/news\/wp-json\/wp\/v2\/media\/3729"}],"wp:attachment":[{"href":"https:\/\/tvtecjundiai.com.br\/news\/wp-json\/wp\/v2\/media?parent=3728"}],"wp:term":[{"taxonomy":"category","embeddable":true,"href":"https:\/\/tvtecjundiai.com.br\/news\/wp-json\/wp\/v2\/categories?post=3728"},{"taxonomy":"post_tag","embeddable":true,"href":"https:\/\/tvtecjundiai.com.br\/news\/wp-json\/wp\/v2\/tags?post=3728"}],"curies":[{"name":"wp","href":"https:\/\/api.w.org\/{rel}","templated":true}]}}