{"id":3758,"date":"2017-12-06T18:55:57","date_gmt":"2017-12-06T20:55:57","guid":{"rendered":"https:\/\/tvtecjundiai.com.br\/news\/?p=3758"},"modified":"2017-12-06T18:58:43","modified_gmt":"2017-12-06T20:58:43","slug":"cidades-jundiai-tem-2763-mil-habitantes-vacinados-contra-febre-amarela","status":"publish","type":"post","link":"https:\/\/tvtecjundiai.com.br\/news\/2017\/12\/06\/cidades-jundiai-tem-2763-mil-habitantes-vacinados-contra-febre-amarela\/","title":{"rendered":"Cidades:  Jundia\u00ed tem 276,3 mil pessoas vacinadas contra febre amarela"},"content":{"rendered":"<p>A Unidade de Gest\u00e3o de Promo\u00e7\u00e3o da Sa\u00fade (UGPS), por meio da Vigil\u00e2ncia Epidemiol\u00f3gica e da Unidade de Vigil\u00e2ncia de Zoonoses (UVZ), informou nesta uartaa-feira (6) que j\u00e1 foram aplicadas no munic\u00edpio 276.300 doses de vacinas contra a febre amarela e, tamb\u00e9m, que n\u00e3o h\u00e1 registro da doen\u00e7a em humanos nos limites da cidade.<\/p>\n<p><a href=\"https:\/\/tvtecjundiai.com.br\/news\/wp-content\/uploads\/sites\/2\/2017\/10\/febre-amarela-1-e1508329126487.jpg\"><img loading=\"lazy\" decoding=\"async\" class=\"wp-image-1826 alignleft\" src=\"https:\/\/tvtecjundiai.com.br\/news\/wp-content\/uploads\/sites\/2\/2017\/10\/febre-amarela-1-e1508329126487-300x206.jpg\" alt=\"\" width=\"491\" height=\"337\" srcset=\"https:\/\/tvtecjundiai.com.br\/news\/wp-content\/uploads\/sites\/2\/2017\/10\/febre-amarela-1-e1508329126487-300x206.jpg 300w, https:\/\/tvtecjundiai.com.br\/news\/wp-content\/uploads\/sites\/2\/2017\/10\/febre-amarela-1-e1508329126487-768x526.jpg 768w, https:\/\/tvtecjundiai.com.br\/news\/wp-content\/uploads\/sites\/2\/2017\/10\/febre-amarela-1-e1508329126487.jpg 1153w\" sizes=\"auto, (max-width: 491px) 100vw, 491px\" \/><\/a><\/p>\n<p>Em rela\u00e7\u00e3o aos primatas, s\u00e3o 72 macacos mortos pela doen\u00e7a, entre 201 encontrados.Deste total, 53 foram negativos, 15 aguardam resultados e 61 foram classificados como inadequados para an\u00e1lise.<\/p>\n<p>As UBSs ofertam, no m\u00ednimo, 100 doses por dia durante hor\u00e1rio de funcionamento normal. A demanda \u00e9 livre no hor\u00e1rio estendido at\u00e9 20h nas unidades Agapeama, Hortol\u00e2ndia, Tamoio e at\u00e9 19h30 no Novo Horizonte.<\/p>\n","protected":false},"excerpt":{"rendered":"<p>As UBSs ofertam 100 doses por dia no hor\u00e1rio de funcionamento normal<\/p>\n","protected":false},"author":8,"featured_media":1826,"comment_status":"closed","ping_status":"closed","sticky":false,"template":"","format":"standard","meta":{"footnotes":""},"categories":[29,1],"tags":[48,5,791,108],"class_list":["post-3758","post","type-post","status-publish","format-standard","has-post-thumbnail","hentry","category-destaque","category-noticias","tag-febre-amarela","tag-jundiai","tag-unidade-de-gestao-de-promocao-da-saude","tag-unidade-de-vigilancia-de-zoonoses"],"_links":{"self":[{"href":"https:\/\/tvtecjundiai.com.br\/news\/wp-json\/wp\/v2\/posts\/3758","targetHints":{"allow":["GET"]}}],"collection":[{"href":"https:\/\/tvtecjundiai.com.br\/news\/wp-json\/wp\/v2\/posts"}],"about":[{"href":"https:\/\/tvtecjundiai.com.br\/news\/wp-json\/wp\/v2\/types\/post"}],"author":[{"embeddable":true,"href":"https:\/\/tvtecjundiai.com.br\/news\/wp-json\/wp\/v2\/users\/8"}],"replies":[{"embeddable":true,"href":"https:\/\/tvtecjundiai.com.br\/news\/wp-json\/wp\/v2\/comments?post=3758"}],"version-history":[{"count":5,"href":"https:\/\/tvtecjundiai.com.br\/news\/wp-json\/wp\/v2\/posts\/3758\/revisions"}],"predecessor-version":[{"id":3763,"href":"https:\/\/tvtecjundiai.com.br\/news\/wp-json\/wp\/v2\/posts\/3758\/revisions\/3763"}],"wp:featuredmedia":[{"embeddable":true,"href":"https:\/\/tvtecjundiai.com.br\/news\/wp-json\/wp\/v2\/media\/1826"}],"wp:attachment":[{"href":"https:\/\/tvtecjundiai.com.br\/news\/wp-json\/wp\/v2\/media?parent=3758"}],"wp:term":[{"taxonomy":"category","embeddable":true,"href":"https:\/\/tvtecjundiai.com.br\/news\/wp-json\/wp\/v2\/categories?post=3758"},{"taxonomy":"post_tag","embeddable":true,"href":"https:\/\/tvtecjundiai.com.br\/news\/wp-json\/wp\/v2\/tags?post=3758"}],"curies":[{"name":"wp","href":"https:\/\/api.w.org\/{rel}","templated":true}]}}