{"id":37957,"date":"2019-09-16T16:02:26","date_gmt":"2019-09-16T19:02:26","guid":{"rendered":"https:\/\/tvtecjundiai.com.br\/news\/?p=37957"},"modified":"2019-09-16T16:02:26","modified_gmt":"2019-09-16T19:02:26","slug":"inscricao-para-emebs-de-jundiai-vai-ate-30-de-setembro","status":"publish","type":"post","link":"https:\/\/tvtecjundiai.com.br\/news\/2019\/09\/16\/inscricao-para-emebs-de-jundiai-vai-ate-30-de-setembro\/","title":{"rendered":"Inscri\u00e7\u00e3o para Emebs de Jundia\u00ed vai at\u00e9 30 de setembro"},"content":{"rendered":"<div id=\"attachment_234393\" class=\"wp-caption alignright\" style=\"width: 505px;\">\n<div id=\"attachment_234393\" style=\"width: 515px\" class=\"wp-caption alignright\"><img loading=\"lazy\" decoding=\"async\" aria-describedby=\"caption-attachment-234393\" class=\"wp-image-234393\" src=\"https:\/\/jundiai.sp.gov.br\/noticias\/wp-content\/uploads\/sites\/32\/2019\/09\/emeb-participa-das-olimpiadas-de-redacao_c_-20-1280x853.jpg\" sizes=\"auto, (max-width: 1024px) 100vw, 1024px\" srcset=\"https:\/\/jundiai.sp.gov.br\/noticias\/wp-content\/uploads\/sites\/32\/2019\/09\/emeb-participa-das-olimpiadas-de-redacao_c_-20-1280x853.jpg 1280w, https:\/\/jundiai.sp.gov.br\/noticias\/wp-content\/uploads\/sites\/32\/2019\/09\/emeb-participa-das-olimpiadas-de-redacao_c_-20-300x200.jpg 300w, https:\/\/jundiai.sp.gov.br\/noticias\/wp-content\/uploads\/sites\/32\/2019\/09\/emeb-participa-das-olimpiadas-de-redacao_c_-20-768x512.jpg 768w, https:\/\/jundiai.sp.gov.br\/noticias\/wp-content\/uploads\/sites\/32\/2019\/09\/emeb-participa-das-olimpiadas-de-redacao_c_-20-450x300.jpg 450w, https:\/\/jundiai.sp.gov.br\/noticias\/wp-content\/uploads\/sites\/32\/2019\/09\/emeb-participa-das-olimpiadas-de-redacao_c_-20.jpg 1323w\" alt=\"Crian\u00e7as uniformizadas sentadas em sala de aula, enquanto professora mostra um material\" width=\"505\" height=\"337\" aria-describedby=\"caption-attachment-234393\" \/><p id=\"caption-attachment-234393\" class=\"wp-caption-text\">A efetiva\u00e7\u00e3o da matr\u00edcula ocorrer\u00e1 entre os dias 17 e 31 de outubro<\/p><\/div>\n<p id=\"caption-attachment-234393\" class=\"wp-caption-text\">\n<\/div>\n<p>A Unidade de Gest\u00e3o de Educa\u00e7\u00e3o (UGE) iniciou nesta segunda-feira (16) o per\u00edodo de inscri\u00e7\u00e3o de alunos que atualmente n\u00e3o est\u00e3o no sistema municipal de ensino. Os pais ou respons\u00e1veis devem procurar, at\u00e9 o dia 30 de setembro, a Emeb na qual desejam a vaga.<\/p>\n<p>Para Educa\u00e7\u00e3o Infantil (pr\u00e9-escola), a crian\u00e7a deve ter 4 e 5 anos completos ou a completar at\u00e9 o dia 31 de mar\u00e7o de 2020. Para o ingresso no Ensino Fundamental, \u00e9 necess\u00e1rio ter seis anos completos ou a completar no dia 31 de mar\u00e7o de 2020.<\/p>\n<p>Para se inscrever, \u00e9 preciso levar a certid\u00e3o de nascimento da crian\u00e7a e um comprovante de resid\u00eancia no munic\u00edpio de Jundia\u00ed (ambos originais). Posteriormente, quando da efetiva\u00e7\u00e3o da matr\u00edcula (entre os dias 17 e 31 de outubro), ser\u00e1 necess\u00e1rio apresentar originais e fotoc\u00f3pias simples dos documentos abaixo:<\/p>\n<ul>\n<li>Certid\u00e3o de nascimento da crian\u00e7a;<\/li>\n<li>Carteira de identidade (R.G.) e CPF dos pais\/respons\u00e1veis ou Termo de Guarda e Responsabilidade;<\/li>\n<li>Comprovante de resid\u00eancia no munic\u00edpio de Jundia\u00ed atualizado (conta de \u00e1gua, luz, telefone, contrato de aluguel\/compra do im\u00f3vel) ou documento comprobat\u00f3rio em nome do interessado;<\/li>\n<li>Carteira de vacina\u00e7\u00e3o da crian\u00e7a ou documento equivalente emitido pelas Unidades B\u00e1sicas de Sa\u00fade;<\/li>\n<li>Uma foto 3\u00d74.<\/li>\n<\/ul>\n<p>O edital com todas as informa\u00e7\u00f5es est\u00e1 publicado na\u00a0<a href=\"https:\/\/imprensaoficial.jundiai.sp.gov.br\/edicao-4600\/\">Imprensa Oficial do dia 23 de agosto<\/a>, p\u00e1ginas 21 e 22.<\/p>\n","protected":false},"excerpt":{"rendered":"<p>Inscri\u00e7\u00f5es atender\u00e3o s\u00f3 estudantes que n\u00e3o est\u00e3o no sistema municipal de ensino<\/p>\n","protected":false},"author":8,"featured_media":37958,"comment_status":"closed","ping_status":"closed","sticky":false,"template":"","format":"standard","meta":{"footnotes":""},"categories":[2834,29,2828,1],"tags":[5858],"class_list":["post-37957","post","type-post","status-publish","format-standard","has-post-thumbnail","hentry","category-cidades","category-destaque","category-educacao","category-noticias","tag-inscricoes-para-emebs-de-jundiai"],"_links":{"self":[{"href":"https:\/\/tvtecjundiai.com.br\/news\/wp-json\/wp\/v2\/posts\/37957","targetHints":{"allow":["GET"]}}],"collection":[{"href":"https:\/\/tvtecjundiai.com.br\/news\/wp-json\/wp\/v2\/posts"}],"about":[{"href":"https:\/\/tvtecjundiai.com.br\/news\/wp-json\/wp\/v2\/types\/post"}],"author":[{"embeddable":true,"href":"https:\/\/tvtecjundiai.com.br\/news\/wp-json\/wp\/v2\/users\/8"}],"replies":[{"embeddable":true,"href":"https:\/\/tvtecjundiai.com.br\/news\/wp-json\/wp\/v2\/comments?post=37957"}],"version-history":[{"count":1,"href":"https:\/\/tvtecjundiai.com.br\/news\/wp-json\/wp\/v2\/posts\/37957\/revisions"}],"predecessor-version":[{"id":37959,"href":"https:\/\/tvtecjundiai.com.br\/news\/wp-json\/wp\/v2\/posts\/37957\/revisions\/37959"}],"wp:featuredmedia":[{"embeddable":true,"href":"https:\/\/tvtecjundiai.com.br\/news\/wp-json\/wp\/v2\/media\/37958"}],"wp:attachment":[{"href":"https:\/\/tvtecjundiai.com.br\/news\/wp-json\/wp\/v2\/media?parent=37957"}],"wp:term":[{"taxonomy":"category","embeddable":true,"href":"https:\/\/tvtecjundiai.com.br\/news\/wp-json\/wp\/v2\/categories?post=37957"},{"taxonomy":"post_tag","embeddable":true,"href":"https:\/\/tvtecjundiai.com.br\/news\/wp-json\/wp\/v2\/tags?post=37957"}],"curies":[{"name":"wp","href":"https:\/\/api.w.org\/{rel}","templated":true}]}}