{"id":37961,"date":"2019-09-17T09:41:59","date_gmt":"2019-09-17T12:41:59","guid":{"rendered":"https:\/\/tvtecjundiai.com.br\/news\/?p=37961"},"modified":"2019-09-17T09:41:59","modified_gmt":"2019-09-17T12:41:59","slug":"peca-do-festeju-atrai-publico-na-praca-da-matriz","status":"publish","type":"post","link":"https:\/\/tvtecjundiai.com.br\/news\/2019\/09\/17\/peca-do-festeju-atrai-publico-na-praca-da-matriz\/","title":{"rendered":"Pe\u00e7a do Festeju atrai p\u00fablico na Pra\u00e7a da Matriz"},"content":{"rendered":"<p>Ao som de tambores, afox\u00e9s e alfaias (tambores), a companhia campineira Dami\u00e3o de Teatro apresentou na Pra\u00e7a Governador Pedro de Toledo (Pra\u00e7a da Matriz), no Centro de Jundia\u00ed, a pe\u00e7a <em>\u201cPresepadas de Dami\u00e3o\u201d<\/em>. O espet\u00e1culo ao ar livre embalou, a partir das 16 horas dessa segunda-feira (16), a sa\u00edda do trabalho e o tr\u00e2nsito dos pedestres e foi convidativo para os olhares curiosos e atentos de quem ali decidiu parar para conhecer a hist\u00f3ria de Dami\u00e3o, um homem bom que tinha direito a fazer tr\u00eas pedidos a Maria de Nazar\u00e9 e ao meninos Jesus.<\/p>\n<p>A pe\u00e7a \u00e9 uma das selecionadas pela Cena Profissional do Festival de Teatro de Jundia\u00ed (Festeju), que neste ano chega \u00e0 sua terceira edi\u00e7\u00e3o, com recorde de inscritos (mais de 130 companhias de teatro) e com oficinas, rodas de conversa, al\u00e9m de apresenta\u00e7\u00f5es ao ar livre, no Complexo Fepasa e no Teatro Polytheama.<\/p>\n<div id=\"attachment_234404\" class=\"wp-caption alignright\" style=\"width: 473px;\">\n<div id=\"attachment_234404\" style=\"width: 589px\" class=\"wp-caption alignright\"><img loading=\"lazy\" decoding=\"async\" aria-describedby=\"caption-attachment-234404\" class=\"wp-image-234404\" src=\"https:\/\/jundiai.sp.gov.br\/noticias\/wp-content\/uploads\/sites\/32\/2019\/09\/3_festeju_presepadas_de_damiao_praca_da_matriz-384-1280x834.jpg\" sizes=\"auto, (max-width: 1024px) 100vw, 1024px\" srcset=\"https:\/\/jundiai.sp.gov.br\/noticias\/wp-content\/uploads\/sites\/32\/2019\/09\/3_festeju_presepadas_de_damiao_praca_da_matriz-384-1280x834.jpg 1280w, https:\/\/jundiai.sp.gov.br\/noticias\/wp-content\/uploads\/sites\/32\/2019\/09\/3_festeju_presepadas_de_damiao_praca_da_matriz-384-300x195.jpg 300w, https:\/\/jundiai.sp.gov.br\/noticias\/wp-content\/uploads\/sites\/32\/2019\/09\/3_festeju_presepadas_de_damiao_praca_da_matriz-384-768x500.jpg 768w, https:\/\/jundiai.sp.gov.br\/noticias\/wp-content\/uploads\/sites\/32\/2019\/09\/3_festeju_presepadas_de_damiao_praca_da_matriz-384.jpg 1323w\" alt=\"Pessoas sentadas no ch\u00e3o em uma pra\u00e7a, em torno de um palco improvisado\" width=\"579\" height=\"377\" aria-describedby=\"caption-attachment-234404\" \/><p id=\"caption-attachment-234404\" class=\"wp-caption-text\">Apresenta\u00e7\u00e3o ao ar livre chamou a aten\u00e7\u00e3o de quem passava pela pra\u00e7a<\/p><\/div>\n<p id=\"caption-attachment-234404\" class=\"wp-caption-text\">\n<\/div>\n<p>Para o gestor da UGC, Marcelo Peroni, al\u00e9m da oportunidade de acesso ao teatro, as apresenta\u00e7\u00f5es ao ar livre ajudam a divulgar o Festival. \u201c\u00c9 muito legal oferecer uma oportunidade cultural como esta, no meio da pra\u00e7a, e isso ajuda a despertar a curiosidade destes espectadores para que tamb\u00e9m assistam aos espet\u00e1culos gratuitos no teatro\u201d, comemorou o gestor. \u201cTamb\u00e9m \u00e9 motivo de muita alegria ver como o recorde no n\u00famero de inscritos trouxe ao festival grupos de alta qualidade\u201d.<\/p>\n<p><strong>Mais Festeju<\/strong><\/p>\n<p>O Festival segue com programa\u00e7\u00e3o gratuita at\u00e9 este domingo (22), quando ser\u00e1 realizada a noite de premia\u00e7\u00f5es no Teatro Polytheama a partir das 19h.<\/p>\n<p>Pela Cena Profissional, est\u00e3o programadas as seguintes apresenta\u00e7\u00f5es no Teatro Polytheama: nesta ter\u00e7a (17), \u00e0s 20h, \u201cEu sou eu, Anne Frank\u201d, do Grupo Alumiah; na quinta (19), tamb\u00e9m \u00e0s 20h, a pe\u00e7a \u201cCaravela da Ilus\u00e3o\u201d, do Espa\u00e7o N\u00facleo; na sexta (20), \u00e0s 20h, \u201cSert\u00e3o Hamlet\u201d, da Sert\u00e3o Teatro Infinita Cia.; no s\u00e1bado (21), \u00e0s 18h, \u201cMaria menina, a pe\u00e7a\u201d, da Minha Dupla Cia.; e no domingo (22), \u00e0s 18h, \u201cMeu Mundo Redondinho\u201d, da companhia Gatos Gordos. E ainda na Pra\u00e7a Governador Pedro de Toledo no s\u00e1bado (21), \u00e0s 11h, \u201cO Poste\u201d, de Daniel Salve.<\/p>\n<p>J\u00e1 pela Cena Amadora, o Complexo Fepasa recebe nesta segunda (16), \u00e0s 20h, a apresenta\u00e7\u00e3o de \u201cSonho de uma noite de ver\u00e3o\u201d, da Cia. de Teatro Pr\u00e1xis, e no s\u00e1bado (21), \u00e0s 15h, a pe\u00e7a \u201cAlquimistos\u201d, do Grupo Arteia. Os votos populares pela Cena Amadora est\u00e3o sendo contabilizados por meio de\u00a0<a href=\"https:\/\/cultura.jundiai.sp.gov.br\/cena-amadora\/\" target=\"_blank\" rel=\"noopener noreferrer\">voto online<\/a>.<\/p>\n<p>A programa\u00e7\u00e3o completa do Festival pode ser conferida no\u00a0<a href=\"https:\/\/cultura.jundiai.sp.gov.br\/festeju\/\" target=\"_blank\" rel=\"noopener noreferrer\">hotsite<\/a>.<\/p>\n<p><em>(Fonte e imagem: Prefeitura de Jundia\u00ed)<\/em><\/p>\n<div id=\"attachment_234406\" class=\"wp-caption alignright\" style=\"width: 363px;\">\n<p>&nbsp;<\/p>\n<p id=\"caption-attachment-234406\" class=\"wp-caption-text\">\n<\/div>\n","protected":false},"excerpt":{"rendered":"<p>O espet\u00e1culo &#8220;Presepadas de Dami\u00e3o&#8221; concorre \u00e0 Cena Profissional e foi encenado ao ar livre <\/p>\n","protected":false},"author":8,"featured_media":37963,"comment_status":"closed","ping_status":"closed","sticky":false,"template":"","format":"standard","meta":{"footnotes":""},"categories":[1],"tags":[218,5859],"class_list":["post-37961","post","type-post","status-publish","format-standard","has-post-thumbnail","hentry","category-noticias","tag-festeju","tag-presepadas-de-damiao"],"_links":{"self":[{"href":"https:\/\/tvtecjundiai.com.br\/news\/wp-json\/wp\/v2\/posts\/37961","targetHints":{"allow":["GET"]}}],"collection":[{"href":"https:\/\/tvtecjundiai.com.br\/news\/wp-json\/wp\/v2\/posts"}],"about":[{"href":"https:\/\/tvtecjundiai.com.br\/news\/wp-json\/wp\/v2\/types\/post"}],"author":[{"embeddable":true,"href":"https:\/\/tvtecjundiai.com.br\/news\/wp-json\/wp\/v2\/users\/8"}],"replies":[{"embeddable":true,"href":"https:\/\/tvtecjundiai.com.br\/news\/wp-json\/wp\/v2\/comments?post=37961"}],"version-history":[{"count":1,"href":"https:\/\/tvtecjundiai.com.br\/news\/wp-json\/wp\/v2\/posts\/37961\/revisions"}],"predecessor-version":[{"id":37964,"href":"https:\/\/tvtecjundiai.com.br\/news\/wp-json\/wp\/v2\/posts\/37961\/revisions\/37964"}],"wp:featuredmedia":[{"embeddable":true,"href":"https:\/\/tvtecjundiai.com.br\/news\/wp-json\/wp\/v2\/media\/37963"}],"wp:attachment":[{"href":"https:\/\/tvtecjundiai.com.br\/news\/wp-json\/wp\/v2\/media?parent=37961"}],"wp:term":[{"taxonomy":"category","embeddable":true,"href":"https:\/\/tvtecjundiai.com.br\/news\/wp-json\/wp\/v2\/categories?post=37961"},{"taxonomy":"post_tag","embeddable":true,"href":"https:\/\/tvtecjundiai.com.br\/news\/wp-json\/wp\/v2\/tags?post=37961"}],"curies":[{"name":"wp","href":"https:\/\/api.w.org\/{rel}","templated":true}]}}