{"id":38164,"date":"2019-09-19T17:09:56","date_gmt":"2019-09-19T20:09:56","guid":{"rendered":"https:\/\/tvtecjundiai.com.br\/news\/?p=38164"},"modified":"2019-09-19T17:13:18","modified_gmt":"2019-09-19T20:13:18","slug":"fim-de-semana-tem-espetaculos-do-festeju-e-exposicoes-gratuitas","status":"publish","type":"post","link":"https:\/\/tvtecjundiai.com.br\/news\/2019\/09\/19\/fim-de-semana-tem-espetaculos-do-festeju-e-exposicoes-gratuitas\/","title":{"rendered":"Fim de semana tem espet\u00e1culos do Festeju e exposi\u00e7\u00f5es gratuitas"},"content":{"rendered":"<p>O primeiro fim de semana de primavera traz para Jundia\u00ed extensa programa\u00e7\u00e3o cultural gratuita, com as apresenta\u00e7\u00f5es do\u00a0<a href=\"https:\/\/cultura.jundiai.sp.gov.br\/festeju\/\" target=\"_blank\" rel=\"noopener noreferrer\">3\u00ba Festival de Teatro de Jundia\u00ed (Festeju)<\/a> e exposi\u00e7\u00f5es nos espa\u00e7os culturais municipais. A programa\u00e7\u00e3o do Festeju come\u00e7a j\u00e1 nesta quinta (19), no Teatro Polytheama, pela Cena Profissional, com a pe\u00e7a \u201cCaravela da Ilus\u00e3o\u201d, do Espa\u00e7o N\u00facleo, \u00e0s 20h. A Cena Profissional segue no Teatro na sexta (20), \u00e0s 20h, com a apresenta\u00e7\u00e3o de \u201cSert\u00e3o Hamlet\u201d, da Sert\u00e3o Teatro Infinita Cia.; no s\u00e1bado (21), \u00e0s 18h, \u201cMaria menina, a pe\u00e7a\u201d, da Minha Dupla Cia.; e no domingo (22), \u00e0s 11h, \u201cO menino e a cerejeira\u201d, da companhia Borbolina, e \u00e0s 18h, \u201cMeu Mundo Redondinho\u201d, da companhia Gatos Gordos. E ainda na Pra\u00e7a Governador Pedro de Toledo no s\u00e1bado (21), \u00e0s 11h, \u201cO Poste\u201d, de Daniel Salve.<\/p>\n<p><a href=\"https:\/\/www.flickr.com\/photos\/prefeituradejundiai\/albums\/72157710905249282\/with\/48755571961\/\" target=\"_blank\" rel=\"noopener noreferrer\">Confira as fotos do Festeju<\/a><\/p>\n<p>J\u00e1 pela Cena Amadora, o Complexo Fepasa recebe no s\u00e1bado (21), \u00e0s 15h, a pe\u00e7a \u201cAlquimistos\u201d, do Grupo Arteia. A premia\u00e7\u00e3o dos grupos dessa categoria ser\u00e1 no domingo (22), a partir das 19h, no Teatro Polytheama, e os votos populares podem ser contabilizados pela\u00a0<a href=\"https:\/\/cultura.jundiai.sp.gov.br\/cena-amadora\/\" target=\"_blank\" rel=\"noopener noreferrer\">internet, no site do festival<\/a>.<\/p>\n<p>Os ingressos gratuitos para cada espet\u00e1culo ser\u00e3o distribu\u00eddos na data e local de apresenta\u00e7\u00e3o, por ordem de chegada.<\/p>\n<div id=\"attachment_234617\" style=\"width: 436px\" class=\"wp-caption alignright\"><img loading=\"lazy\" decoding=\"async\" aria-describedby=\"caption-attachment-234617\" class=\"wp-image-234617\" src=\"https:\/\/jundiai.sp.gov.br\/noticias\/wp-content\/uploads\/sites\/32\/2019\/09\/sala_jundiai-1-1280x646.jpg\" sizes=\"auto, (max-width: 1024px) 100vw, 1024px\" srcset=\"https:\/\/jundiai.sp.gov.br\/noticias\/wp-content\/uploads\/sites\/32\/2019\/09\/sala_jundiai-1-1280x646.jpg 1280w, https:\/\/jundiai.sp.gov.br\/noticias\/wp-content\/uploads\/sites\/32\/2019\/09\/sala_jundiai-1-300x151.jpg 300w, https:\/\/jundiai.sp.gov.br\/noticias\/wp-content\/uploads\/sites\/32\/2019\/09\/sala_jundiai-1-768x388.jpg 768w, https:\/\/jundiai.sp.gov.br\/noticias\/wp-content\/uploads\/sites\/32\/2019\/09\/sala_jundiai-1.jpg 1323w\" alt=\"Foto de espet\u00e1culo teatral a partir de plateia, com atores sobre o palco\" width=\"426\" height=\"215\" aria-describedby=\"caption-attachment-234617\" \/><p id=\"caption-attachment-234617\" class=\"wp-caption-text\">A premia\u00e7\u00e3o da Cena Amadora ser\u00e1 no domingo (22), \u00e0s 19h, no Teatro Polytheama<\/p><\/div>\n<p><strong>Exposi\u00e7\u00f5es<\/strong><\/p>\n<p>Os Museus Hist\u00f3rico e Cultural \u2013 Solar do Bar\u00e3o e da Cia. Paulista, a Pinacoteca Di\u00f3genes Duarte Paes e a Galeria de Arte Fernanda Perracini Milani tamb\u00e9m permanecem abertas para visita\u00e7\u00e3o gratuita.<\/p>\n<p>Na Pinacoteca (Rua Bar\u00e3o de Jundia\u00ed, 109, Centro), seguem expostas as mostras \u201c<a href=\"https:\/\/cultura.jundiai.sp.gov.br\/exposicoes\/trilogia\/\" target=\"_blank\" rel=\"noopener noreferrer\">Trilogia<\/a>\u201d, do artista chileno Manoel Marchant, e \u201c<a href=\"https:\/\/cultura.jundiai.sp.gov.br\/exposicoes\/maria-dos-pacotes-a-figura-e-a-lenda\/\" target=\"_blank\" rel=\"noopener noreferrer\">Maria dos Pacotes \u2013 A Figura e a Lenda<\/a>\u201d, de Regina Kalman. Aos s\u00e1bados e domingos, o espa\u00e7o fica aberto das 9h \u00e0s 16h.<\/p>\n<p>J\u00e1 a Galeria de Arte (Rua Bar\u00e3o de Jundia\u00ed, 176, Centro), que fica anexa ao Teatro Polytheama, os visitantes poder\u00e3o conferir a mostra \u201c<a href=\"https:\/\/cultura.jundiai.sp.gov.br\/exposicoes\/so-existo-em-terceira-pessoa\/\" target=\"_blank\" rel=\"noopener noreferrer\">S\u00f3 existo em terceira pessoa<\/a>\u201d, de Leandra Esp\u00edrito Santo. A galeria fica aberta aos s\u00e1bados, das 10h \u00e0s 13h.<\/p>\n<div id=\"attachment_234615\" style=\"width: 432px\" class=\"wp-caption alignright\"><img loading=\"lazy\" decoding=\"async\" aria-describedby=\"caption-attachment-234615\" class=\"wp-image-234615\" src=\"https:\/\/jundiai.sp.gov.br\/noticias\/wp-content\/uploads\/sites\/32\/2019\/09\/1trilogia_manuel_marchant_pinacoteca-16-1280x834.jpg\" sizes=\"auto, (max-width: 1024px) 100vw, 1024px\" srcset=\"https:\/\/jundiai.sp.gov.br\/noticias\/wp-content\/uploads\/sites\/32\/2019\/09\/1trilogia_manuel_marchant_pinacoteca-16-1280x834.jpg 1280w, https:\/\/jundiai.sp.gov.br\/noticias\/wp-content\/uploads\/sites\/32\/2019\/09\/1trilogia_manuel_marchant_pinacoteca-16-300x195.jpg 300w, https:\/\/jundiai.sp.gov.br\/noticias\/wp-content\/uploads\/sites\/32\/2019\/09\/1trilogia_manuel_marchant_pinacoteca-16-768x500.jpg 768w, https:\/\/jundiai.sp.gov.br\/noticias\/wp-content\/uploads\/sites\/32\/2019\/09\/1trilogia_manuel_marchant_pinacoteca-16.jpg 1323w\" alt=\"Sala de exposi\u00e7\u00e3o, com obras de arte abstratas penduradas\" width=\"422\" height=\"275\" aria-describedby=\"caption-attachment-234615\" \/><p id=\"caption-attachment-234615\" class=\"wp-caption-text\">\u201cTrilogia\u201d (foto) e \u201cMaria dos Pacotes\u201d ficam expostas na Pinacoteca at\u00e9 14 de outubro<\/p><\/div>\n<p>J\u00e1 no Solar do Bar\u00e3o (Rua Bar\u00e3o de Jundia\u00ed, 762, Centro), que fica aberto aos finais de semana das 9h \u00e0s 16h, estes s\u00e3o os \u00faltimos dias para conferir a exposi\u00e7\u00e3o \u201c<a href=\"https:\/\/cultura.jundiai.sp.gov.br\/exposicoes\/documentos-do-centro-de-memoria\/\" target=\"_blank\" rel=\"noopener noreferrer\">Jundia\u00ed atrav\u00e9s de Documentos<\/a>\u201d, com o acervo do Centro de Mem\u00f3ria.<\/p>\n<p>No Museu da Cia. Paulista, que fica no Complexo Fepasa e funciona aos finais de semana das 10h \u00e0s 12 e das 13h \u00e0s 16h, os visitantes poder\u00e3o conferir o acervo permanente, que conta a hist\u00f3ria da ferrovia e de sua import\u00e2ncia para Jundia\u00ed.<\/p>\n<p>&nbsp;<\/p>\n<p><em>(Fonte e imagens: Prefeitura de Jundia\u00ed)<\/em><\/p>\n<div id=\"attachment_234615\" class=\"wp-caption alignright\" style=\"width: 408px;\"><\/div>\n","protected":false},"excerpt":{"rendered":"<p> A programa\u00e7\u00e3o do Festeju come\u00e7ou j\u00e1 nessa quinta (19)<\/p>\n","protected":false},"author":8,"featured_media":38167,"comment_status":"closed","ping_status":"closed","sticky":false,"template":"","format":"standard","meta":{"footnotes":""},"categories":[2834,2833,1],"tags":[218],"class_list":["post-38164","post","type-post","status-publish","format-standard","has-post-thumbnail","hentry","category-cidades","category-cultura","category-noticias","tag-festeju"],"_links":{"self":[{"href":"https:\/\/tvtecjundiai.com.br\/news\/wp-json\/wp\/v2\/posts\/38164","targetHints":{"allow":["GET"]}}],"collection":[{"href":"https:\/\/tvtecjundiai.com.br\/news\/wp-json\/wp\/v2\/posts"}],"about":[{"href":"https:\/\/tvtecjundiai.com.br\/news\/wp-json\/wp\/v2\/types\/post"}],"author":[{"embeddable":true,"href":"https:\/\/tvtecjundiai.com.br\/news\/wp-json\/wp\/v2\/users\/8"}],"replies":[{"embeddable":true,"href":"https:\/\/tvtecjundiai.com.br\/news\/wp-json\/wp\/v2\/comments?post=38164"}],"version-history":[{"count":2,"href":"https:\/\/tvtecjundiai.com.br\/news\/wp-json\/wp\/v2\/posts\/38164\/revisions"}],"predecessor-version":[{"id":38166,"href":"https:\/\/tvtecjundiai.com.br\/news\/wp-json\/wp\/v2\/posts\/38164\/revisions\/38166"}],"wp:featuredmedia":[{"embeddable":true,"href":"https:\/\/tvtecjundiai.com.br\/news\/wp-json\/wp\/v2\/media\/38167"}],"wp:attachment":[{"href":"https:\/\/tvtecjundiai.com.br\/news\/wp-json\/wp\/v2\/media?parent=38164"}],"wp:term":[{"taxonomy":"category","embeddable":true,"href":"https:\/\/tvtecjundiai.com.br\/news\/wp-json\/wp\/v2\/categories?post=38164"},{"taxonomy":"post_tag","embeddable":true,"href":"https:\/\/tvtecjundiai.com.br\/news\/wp-json\/wp\/v2\/tags?post=38164"}],"curies":[{"name":"wp","href":"https:\/\/api.w.org\/{rel}","templated":true}]}}