{"id":38487,"date":"2019-09-26T13:37:10","date_gmt":"2019-09-26T16:37:10","guid":{"rendered":"https:\/\/tvtecjundiai.com.br\/news\/?p=38487"},"modified":"2019-09-26T13:38:28","modified_gmt":"2019-09-26T16:38:28","slug":"solar-do-barao-fica-fechado-ate-11-de-outubro-para-montagem-de-exposicao","status":"publish","type":"post","link":"https:\/\/tvtecjundiai.com.br\/news\/2019\/09\/26\/solar-do-barao-fica-fechado-ate-11-de-outubro-para-montagem-de-exposicao\/","title":{"rendered":"Solar do Bar\u00e3o fica fechado at\u00e9 11 de outubro para montagem de exposi\u00e7\u00e3o"},"content":{"rendered":"<p>O Museu Hist\u00f3rico e Cultural Solar do Bar\u00e3o permanece fechado a partir desta quinta-feira (26) at\u00e9 o dia 11 de outubro, per\u00edodo em que ser\u00e1 montada a pr\u00f3xima exposi\u00e7\u00e3o no espa\u00e7o.<\/p>\n<div id=\"attachment_38488\" style=\"width: 510px\" class=\"wp-caption alignright\"><a href=\"https:\/\/tvtecjundiai.com.br\/news\/wp-content\/uploads\/sites\/2\/2019\/09\/jardim-solar-do-barao_c_-3-1280x853.jpg\"><img loading=\"lazy\" decoding=\"async\" aria-describedby=\"caption-attachment-38488\" class=\"wp-image-38488\" src=\"https:\/\/tvtecjundiai.com.br\/news\/wp-content\/uploads\/sites\/2\/2019\/09\/jardim-solar-do-barao_c_-3-1280x853.jpg\" alt=\"\" width=\"500\" height=\"333\" srcset=\"https:\/\/tvtecjundiai.com.br\/news\/wp-content\/uploads\/sites\/2\/2019\/09\/jardim-solar-do-barao_c_-3-1280x853.jpg 1280w, https:\/\/tvtecjundiai.com.br\/news\/wp-content\/uploads\/sites\/2\/2019\/09\/jardim-solar-do-barao_c_-3-1280x853-300x200.jpg 300w, https:\/\/tvtecjundiai.com.br\/news\/wp-content\/uploads\/sites\/2\/2019\/09\/jardim-solar-do-barao_c_-3-1280x853-768x512.jpg 768w, https:\/\/tvtecjundiai.com.br\/news\/wp-content\/uploads\/sites\/2\/2019\/09\/jardim-solar-do-barao_c_-3-1280x853-1200x800.jpg 1200w\" sizes=\"auto, (max-width: 500px) 100vw, 500px\" \/><\/a><p id=\"caption-attachment-38488\" class=\"wp-caption-text\">Jardins do Solar permanecem abertos durante o per\u00edodo<\/p><\/div>\n<p>Durante o per\u00edodo, os jardins do Solar permanecem abertos. O endere\u00e7o \u00e9 rua Bar\u00e3o de Jundia\u00ed, 762, Centro, e funciona de segunda a sexta-feira, das 10h \u00e0s 17h, e aos s\u00e1bados, domingos e feriados, das 9h \u00e0s 16h.<\/p>\n<p><strong>Mais exposi\u00e7\u00f5es<\/strong><br \/>\nNa Pinacoteca Di\u00f3genes Duarte Paes seguem expostas as mostras \u201cTrilogia\u201d, do artista chileno Manoel Marchant, e \u201cMaria dos Pacotes \u2013 A Figura e a Lenda\u201d, de Regina Kalman. O espa\u00e7o fica na rua Bar\u00e3o de Jundia\u00ed, 109, Centro, e fica aberta de ter\u00e7a a sexta-feira, das 10h \u00e0s 17h, e aos s\u00e1bados, domingos e feriados, das 9h \u00e0s 16h.<\/p>\n<p>J\u00e1 a Galeria de Arte Fernanda Perracini Milani, que fica anexa ao Teatro Polytheama, os visitantes poder\u00e3o conferir a mostra \u201cS\u00f3 existo em terceira pessoa\u201d, de Leandra Esp\u00edrito Santo. O endere\u00e7o da Galeria \u00e9 rua Bar\u00e3o de Jundia\u00ed, 176, Centro, e o espa\u00e7o funciona de ter\u00e7a a sexta-feira, das 9h \u00e0s 12h e das 13h \u00e0s 17h, e aos s\u00e1bados, das 10h \u00e0s 13h. Em dias de semana, a Galeria acompanha a programa\u00e7\u00e3o do teatro e permanece aberta at\u00e9 o in\u00edcio do espet\u00e1culo.<\/p>\n<p><em>(Prefeitura de Jundia\u00ed)<\/em><\/p>\n","protected":false},"excerpt":{"rendered":"<p>Jardins do Solar permanecem abertos durante o per\u00edodo<\/p>\n","protected":false},"author":10,"featured_media":38488,"comment_status":"closed","ping_status":"closed","sticky":false,"template":"","format":"standard","meta":{"footnotes":""},"categories":[2834,2833,29],"tags":[],"class_list":["post-38487","post","type-post","status-publish","format-standard","has-post-thumbnail","hentry","category-cidades","category-cultura","category-destaque"],"_links":{"self":[{"href":"https:\/\/tvtecjundiai.com.br\/news\/wp-json\/wp\/v2\/posts\/38487","targetHints":{"allow":["GET"]}}],"collection":[{"href":"https:\/\/tvtecjundiai.com.br\/news\/wp-json\/wp\/v2\/posts"}],"about":[{"href":"https:\/\/tvtecjundiai.com.br\/news\/wp-json\/wp\/v2\/types\/post"}],"author":[{"embeddable":true,"href":"https:\/\/tvtecjundiai.com.br\/news\/wp-json\/wp\/v2\/users\/10"}],"replies":[{"embeddable":true,"href":"https:\/\/tvtecjundiai.com.br\/news\/wp-json\/wp\/v2\/comments?post=38487"}],"version-history":[{"count":2,"href":"https:\/\/tvtecjundiai.com.br\/news\/wp-json\/wp\/v2\/posts\/38487\/revisions"}],"predecessor-version":[{"id":38491,"href":"https:\/\/tvtecjundiai.com.br\/news\/wp-json\/wp\/v2\/posts\/38487\/revisions\/38491"}],"wp:featuredmedia":[{"embeddable":true,"href":"https:\/\/tvtecjundiai.com.br\/news\/wp-json\/wp\/v2\/media\/38488"}],"wp:attachment":[{"href":"https:\/\/tvtecjundiai.com.br\/news\/wp-json\/wp\/v2\/media?parent=38487"}],"wp:term":[{"taxonomy":"category","embeddable":true,"href":"https:\/\/tvtecjundiai.com.br\/news\/wp-json\/wp\/v2\/categories?post=38487"},{"taxonomy":"post_tag","embeddable":true,"href":"https:\/\/tvtecjundiai.com.br\/news\/wp-json\/wp\/v2\/tags?post=38487"}],"curies":[{"name":"wp","href":"https:\/\/api.w.org\/{rel}","templated":true}]}}