{"id":3943,"date":"2017-12-13T15:01:10","date_gmt":"2017-12-13T17:01:10","guid":{"rendered":"https:\/\/tvtecjundiai.com.br\/news\/?p=3943"},"modified":"2017-12-13T15:10:51","modified_gmt":"2017-12-13T17:10:51","slug":"esportes-talentos-dos-jogos-60-sao-convidados-a-compor-time-jundiai","status":"publish","type":"post","link":"https:\/\/tvtecjundiai.com.br\/news\/2017\/12\/13\/esportes-talentos-dos-jogos-60-sao-convidados-a-compor-time-jundiai\/","title":{"rendered":"Esportes: Talentos dos Jogos +60 s\u00e3o convidados a compor TIME Jundia\u00ed"},"content":{"rendered":"<p>\u201cA inten\u00e7\u00e3o dos Jogos +60, al\u00e9m de reunir os idosos para uma disputa municipal entre participantes dos grupos dos Centros Esportivos, academias e clubes particulares, era identificar mais atletas para compor a equipe do TIME Jundia\u00ed. Conseguimos selecionar pelo menos 20 novos atletas, que j\u00e1 ir\u00e3o participar da competi\u00e7\u00e3o regional, em Itapeva, no in\u00edcio do pr\u00f3ximo ano\u201d, comenta o gestor da UGEL, Luiz Trientini.<\/p>\n<p><strong>LEIA TAMB\u00c9M<\/strong><br \/>\n<a href=\"https:\/\/www.jundiai.sp.gov.br\/noticias\/2017\/12\/12\/seletiva-de-basquete-acontece-no-sabado-16-no-bolao\/\" target=\"_blank\" rel=\"noopener\">Seletiva de Basquete acontece no s\u00e1bado (16), no Bol\u00e3o<\/a><\/p>\n<div id=\"attachment_3944\" style=\"width: 473px\" class=\"wp-caption alignleft\"><a href=\"https:\/\/tvtecjundiai.com.br\/news\/wp-content\/uploads\/sites\/2\/2017\/12\/atleta-jori-2017_c_3.jpg\"><img loading=\"lazy\" decoding=\"async\" aria-describedby=\"caption-attachment-3944\" class=\"wp-image-3944\" src=\"https:\/\/tvtecjundiai.com.br\/news\/wp-content\/uploads\/sites\/2\/2017\/12\/atleta-jori-2017_c_3-300x236.jpg\" alt=\"\" width=\"463\" height=\"364\" srcset=\"https:\/\/tvtecjundiai.com.br\/news\/wp-content\/uploads\/sites\/2\/2017\/12\/atleta-jori-2017_c_3-300x236.jpg 300w, https:\/\/tvtecjundiai.com.br\/news\/wp-content\/uploads\/sites\/2\/2017\/12\/atleta-jori-2017_c_3-768x605.jpg 768w, https:\/\/tvtecjundiai.com.br\/news\/wp-content\/uploads\/sites\/2\/2017\/12\/atleta-jori-2017_c_3-1200x945.jpg 1200w, https:\/\/tvtecjundiai.com.br\/news\/wp-content\/uploads\/sites\/2\/2017\/12\/atleta-jori-2017_c_3.jpg 1240w\" sizes=\"auto, (max-width: 463px) 100vw, 463px\" \/><\/a><p id=\"caption-attachment-3944\" class=\"wp-caption-text\">Efig\u00eania Oliveira \u00e9 o sangue novo na equipe de nata\u00e7\u00e3o do TIME Jundia\u00ed<\/p><\/div>\n<p>Na quarta-feira (13), foi realizado encontro para antecipar a apresenta\u00e7\u00e3o de documentos para os atletas que fazem parte da delega\u00e7\u00e3o do JORI. \u201d\u00a0A conversa serve para adiantar o preenchimento das fichas de cadastro e adiantar a entrega dos documentos. A reuni\u00e3o de trabalho com toda a delega\u00e7\u00e3o ainda n\u00e3o foi realizada\u201d,\u00a0 explica o superintendente do Departamento de Esporte Educacional e de Participa\u00e7\u00e3o, Felipe Bonan\u00e7a.<\/p>\n<p><strong>Sangue novo<\/strong><\/p>\n<p>Tereza de Oliveira Bergamasco tem 82 anos e faz parte do time de V\u00f4lei Adaptado do CECE Antonio de Lima. Durante os Jogos +60 participou da corrida de 800 metros e venceu. \u201cSempre foi o meu sonho participar de competi\u00e7\u00f5es esportivas. Quando era jovem n\u00e3o tinha oportunidade. Agora que vou participar da equipe e defender a minha cidade, estou muito feliz\u201d, conta a idosa, que mant\u00e9m a alimenta\u00e7\u00e3o equilibrada rica em frutas, verduras, legumes e longe dos doces.<\/p>\n<p>Participante das aulas de nata\u00e7\u00e3o oferecidas pela UGEL h\u00e1 cinco anos, a auxiliar de enfermagem aposentada, Efig\u00eania Assun\u00e7\u00e3o de Oliveira, 67 anos, vai estrear no JORI em janeiro. Ela foi convidada a participar do TIME Jundia\u00ed a partir do desempenho nos Jogos +60. \u201cNunca imaginei competir. \u00c9 uma responsabilidade grande. Vou representar a minha cidade. Estou muito entusiasmada\u201d, conta a idosa, que ir\u00e1 treinar em janeiro junto com a delega\u00e7\u00e3o jundiaiense para melhorar seu tempo. \u201c\u00c9 uma nova experi\u00eancia. Nunca fiquei em alojamento. Ser\u00e1 uma \u00f3tima viv\u00eancia para conhecer outras cidades, fazer amigos\u201d, comenta.<\/p>\n","protected":false},"excerpt":{"rendered":"<p>Os novos atletas ir\u00e3o participar da competi\u00e7\u00e3o regional, em Itapeva<\/p>\n","protected":false},"author":8,"featured_media":2632,"comment_status":"closed","ping_status":"closed","sticky":false,"template":"","format":"standard","meta":{"footnotes":""},"categories":[1],"tags":[1822,271,1210],"class_list":["post-3943","post","type-post","status-publish","format-standard","has-post-thumbnail","hentry","category-noticias","tag-1822","tag-esportes","tag-jogos-60"],"_links":{"self":[{"href":"https:\/\/tvtecjundiai.com.br\/news\/wp-json\/wp\/v2\/posts\/3943","targetHints":{"allow":["GET"]}}],"collection":[{"href":"https:\/\/tvtecjundiai.com.br\/news\/wp-json\/wp\/v2\/posts"}],"about":[{"href":"https:\/\/tvtecjundiai.com.br\/news\/wp-json\/wp\/v2\/types\/post"}],"author":[{"embeddable":true,"href":"https:\/\/tvtecjundiai.com.br\/news\/wp-json\/wp\/v2\/users\/8"}],"replies":[{"embeddable":true,"href":"https:\/\/tvtecjundiai.com.br\/news\/wp-json\/wp\/v2\/comments?post=3943"}],"version-history":[{"count":2,"href":"https:\/\/tvtecjundiai.com.br\/news\/wp-json\/wp\/v2\/posts\/3943\/revisions"}],"predecessor-version":[{"id":3949,"href":"https:\/\/tvtecjundiai.com.br\/news\/wp-json\/wp\/v2\/posts\/3943\/revisions\/3949"}],"wp:featuredmedia":[{"embeddable":true,"href":"https:\/\/tvtecjundiai.com.br\/news\/wp-json\/wp\/v2\/media\/2632"}],"wp:attachment":[{"href":"https:\/\/tvtecjundiai.com.br\/news\/wp-json\/wp\/v2\/media?parent=3943"}],"wp:term":[{"taxonomy":"category","embeddable":true,"href":"https:\/\/tvtecjundiai.com.br\/news\/wp-json\/wp\/v2\/categories?post=3943"},{"taxonomy":"post_tag","embeddable":true,"href":"https:\/\/tvtecjundiai.com.br\/news\/wp-json\/wp\/v2\/tags?post=3943"}],"curies":[{"name":"wp","href":"https:\/\/api.w.org\/{rel}","templated":true}]}}