{"id":399,"date":"2017-09-06T10:08:03","date_gmt":"2017-09-06T13:08:03","guid":{"rendered":"https:\/\/tvtecjundiai.com.br\/news\/?p=399"},"modified":"2017-09-06T10:09:20","modified_gmt":"2017-09-06T13:09:20","slug":"economia-pat-de-jundiai-divulga-vagas-disponiveis-na-regiao","status":"publish","type":"post","link":"https:\/\/tvtecjundiai.com.br\/news\/2017\/09\/06\/economia-pat-de-jundiai-divulga-vagas-disponiveis-na-regiao\/","title":{"rendered":"Economia: PAT de Jundia\u00ed divulga vagas dispon\u00edveis na regi\u00e3o"},"content":{"rendered":"<p><strong>Confira as vagas:<\/strong><\/p>\n<ul>\n<li><strong>Agente de Higiene e Seguran\u00e7a<\/strong>\u00a0(liberado em 05\/09\/2017) \u2013 6 meses de experiencia em CTPS; ensino m\u00e9dio completo; somente candidatos de Jundia\u00ed.<\/li>\n<li><strong>Ajudante de Eletricista<\/strong>\u00a0(liberado em 05\/09\/2017) \u2013 6 meses de experi\u00eancia em CTPS; ensino fundamental completo; para trabalho em altura; somente candidatos de Jundia\u00ed e V\u00e1rzea Pta.<\/li>\n<li><strong>Arte Educador<\/strong>\u00a0(liberado em 05\/09\/2017) \u2013 cursando ensino superior em ADM; somente candidatos de Jundia\u00ed.<\/li>\n<li><strong>Auxiliar de Jardinagem na Conserva\u00e7\u00e3o de Vias Permanentes<\/strong>\u00a0(liberado em 05\/09\/2017) \u2013 6 meses de experiencia em CTPS; ensino fundamental completo; somente candidatos de Jundia\u00ed.<\/li>\n<li><strong>Auxiliar de limpeza<\/strong>\u00a0(liberado em 05\/09\/2017) \u2013 6 meses de experiencia em CTPS; ensino fundamental completo; somente candidatos de Jundia\u00ed.<\/li>\n<li><strong>Chefe de Cozinha<\/strong>\u00a0(liberado em 05\/09\/2017) \u2013 6 meses de experi\u00eancia n\u00e3o em CTPS; ensino fundamental completo; somente candidatos de Jundia\u00ed<\/li>\n<li><strong>Chefe de Servi\u00e7o de limpeza<\/strong>\u00a0(liberado em 05\/09\/2017) \u2013 6 meses de experiencia em CTPS; ensino m\u00e9dio completo; conhecimento nas \u00e1reas de limpeza e portaria; necess\u00e1rio ter CNH B; somente candidatos de Jundia\u00ed, Louveira e Itupeva.<\/li>\n<li><strong>Chefe de Servi\u00e7o de limpeza<\/strong>\u00a0(liberado em 05\/09\/2017) \u2013 6 meses de experiencia em CTPS; ensino m\u00e9dio incompleto; somente candidatos de Jundia\u00ed.<\/li>\n<li><strong>Controlador de Pragas<\/strong>\u00a0(liberado em 04\/09\/2017) \u2013 6 meses de experiencia em CTPS; ensino fundamental completo; CNH A\/B; somente candidatos de Jundia\u00ed.<\/li>\n<li><strong>Eletricista<\/strong>\u00a0(liberado em 05\/09\/2017) \u2013 6 meses de experiencia em CTPS; ensino fundamental completo; necess\u00e1rio NR 10 NR 35 atualizados; somente de Jundia\u00ed e V\u00e1rzea Pta.<\/li>\n<li><strong>Jardineiro<\/strong>\u00a0(liberado em 05\/09\/2017) \u2013 6 meses de experiencia; ensino fundamental completo; somente candidatos de Jundia\u00ed.<\/li>\n<li><strong>Meio Oficial de Cozinha<\/strong>\u00a0(liberado em 05\/09\/2017) \u2013 6 meses de experiencia em CTPS; ensino fundamental incompleto; somente candidatos de Jundia\u00ed.<\/li>\n<li><strong>Operador de Caixa<\/strong>\u00a0(liberado em 04\/09\/2017) \u2013 Vaga exclusiva PCD (Pessoas com Defici\u00eancia) 3 meses de experiencia n\u00e3o em CTPS; ensino m\u00e9dio completo; somente candidatos de Jundia\u00ed, V\u00e1rzea Paulista.<\/li>\n<li><strong>Operador de Vendas (lojas)<\/strong>\u00a0(liberado em 05\/09\/2017) \u2013 Vaga exclusiva PCD (Pessoas com Defici\u00eancia) ensino fundamental incompleto; somente candidatos de Jundia\u00ed e V\u00e1rzea Pta e Campo Limpo Pta.<\/li>\n<li><strong>T\u00e9cnico de Impressora Matricial<\/strong>\u00a0(liberado em 05\/09\/2017) \u2013 6 meses de experiencia em CTPS; ensino m\u00e9dio completo; somente candidatos de Jundia\u00ed.<\/li>\n<\/ul>\n<p>Os interessados devem comparecer \u00e0 rua Zacarias de Goes, 530 \u2013 Centro. O atendimento do PAT Jundia\u00ed \u00e9 feito de segunda a sexta-feira, das 8:00 \u00e0s 16:30 horas. \u00c9 necess\u00e1rio levar RG, CPF, carteira de trabalho, PIS ou cart\u00e3o do cidad\u00e3o. \u00a0As vagas anunciadas cont\u00e9m especificidades determinadas pelo empregador. Confira presencialmente no PAT.<\/p>\n<p><em>\u00daltima atualiza\u00e7\u00e3o em\u00a006\/09\/2017 08:56<\/em><\/p>\n<p>&nbsp;<\/p>\n","protected":false},"excerpt":{"rendered":"<p>Durante a semana pode haver altera\u00e7\u00e3o no quadro de disponibilidades<\/p>\n","protected":false},"author":8,"featured_media":363,"comment_status":"closed","ping_status":"closed","sticky":false,"template":"","format":"standard","meta":{"footnotes":""},"categories":[29,1],"tags":[184,37,45,39,185],"class_list":["post-399","post","type-post","status-publish","format-standard","has-post-thumbnail","hentry","category-destaque","category-noticias","tag-desemprego","tag-emprego","tag-mercado-de-trabalho","tag-pat","tag-trabalho"],"_links":{"self":[{"href":"https:\/\/tvtecjundiai.com.br\/news\/wp-json\/wp\/v2\/posts\/399","targetHints":{"allow":["GET"]}}],"collection":[{"href":"https:\/\/tvtecjundiai.com.br\/news\/wp-json\/wp\/v2\/posts"}],"about":[{"href":"https:\/\/tvtecjundiai.com.br\/news\/wp-json\/wp\/v2\/types\/post"}],"author":[{"embeddable":true,"href":"https:\/\/tvtecjundiai.com.br\/news\/wp-json\/wp\/v2\/users\/8"}],"replies":[{"embeddable":true,"href":"https:\/\/tvtecjundiai.com.br\/news\/wp-json\/wp\/v2\/comments?post=399"}],"version-history":[{"count":2,"href":"https:\/\/tvtecjundiai.com.br\/news\/wp-json\/wp\/v2\/posts\/399\/revisions"}],"predecessor-version":[{"id":401,"href":"https:\/\/tvtecjundiai.com.br\/news\/wp-json\/wp\/v2\/posts\/399\/revisions\/401"}],"wp:featuredmedia":[{"embeddable":true,"href":"https:\/\/tvtecjundiai.com.br\/news\/wp-json\/wp\/v2\/media\/363"}],"wp:attachment":[{"href":"https:\/\/tvtecjundiai.com.br\/news\/wp-json\/wp\/v2\/media?parent=399"}],"wp:term":[{"taxonomy":"category","embeddable":true,"href":"https:\/\/tvtecjundiai.com.br\/news\/wp-json\/wp\/v2\/categories?post=399"},{"taxonomy":"post_tag","embeddable":true,"href":"https:\/\/tvtecjundiai.com.br\/news\/wp-json\/wp\/v2\/tags?post=399"}],"curies":[{"name":"wp","href":"https:\/\/api.w.org\/{rel}","templated":true}]}}