{"id":40854,"date":"2019-11-08T13:26:48","date_gmt":"2019-11-08T15:26:48","guid":{"rendered":"https:\/\/tvtecjundiai.com.br\/news\/?p=40854"},"modified":"2019-11-08T13:27:20","modified_gmt":"2019-11-08T15:27:20","slug":"fim-de-semana-traz-extensa-programacao-cultural-gratuita-em-jundiai","status":"publish","type":"post","link":"https:\/\/tvtecjundiai.com.br\/news\/2019\/11\/08\/fim-de-semana-traz-extensa-programacao-cultural-gratuita-em-jundiai\/","title":{"rendered":"Fim de semana traz extenso programa cultural gratuito em Jundia\u00ed"},"content":{"rendered":"<p>Com atra\u00e7\u00f5es para todos os gostos, a agenda cultural deste fim de semana traz para o p\u00fablico a programa\u00e7\u00e3o gratuita do Sexta no Centro, a elei\u00e7\u00e3o da Corte da Uva 2020, a abertura da 1\u00aa Festa Liter\u00e1ria de Jundia\u00ed (FLIJ), o Festival de Curtas de Jundia\u00ed, oficinas culturais, al\u00e9m das apresenta\u00e7\u00f5es gratuitas da Orquestra Municipal e da Cia. Jovem de Dan\u00e7a no Teatro Polytheama.<\/p>\n<div id=\"attachment_238659\" style=\"width: 517px\" class=\"wp-caption alignright\"><img loading=\"lazy\" decoding=\"async\" aria-describedby=\"caption-attachment-238659\" class=\"wp-image-238659\" src=\"https:\/\/jundiai.sp.gov.br\/noticias\/wp-content\/uploads\/sites\/32\/2019\/11\/corte_da_uva_sexta_no_centro-1280x853.jpg\" sizes=\"auto, (max-width: 1024px) 100vw, 1024px\" srcset=\"https:\/\/jundiai.sp.gov.br\/noticias\/wp-content\/uploads\/sites\/32\/2019\/11\/corte_da_uva_sexta_no_centro-1280x853.jpg 1280w, https:\/\/jundiai.sp.gov.br\/noticias\/wp-content\/uploads\/sites\/32\/2019\/11\/corte_da_uva_sexta_no_centro-300x200.jpg 300w, https:\/\/jundiai.sp.gov.br\/noticias\/wp-content\/uploads\/sites\/32\/2019\/11\/corte_da_uva_sexta_no_centro-768x512.jpg 768w, https:\/\/jundiai.sp.gov.br\/noticias\/wp-content\/uploads\/sites\/32\/2019\/11\/corte_da_uva_sexta_no_centro-450x300.jpg 450w\" alt=\"Mulher coloca a coroa na cabe\u00e7a de outra, com outras mulheres em pose para foto\" width=\"507\" height=\"338\" aria-describedby=\"caption-attachment-238659\" \/><p id=\"caption-attachment-238659\" class=\"wp-caption-text\">Al\u00e9m das atra\u00e7\u00f5es musicais, Sexta no Centro ter\u00e1 a elei\u00e7\u00e3o da Corte da Uva e a abertura da FLIJ<\/p><\/div>\n<p id=\"caption-attachment-238659\" class=\"wp-caption-text\">As atra\u00e7\u00f5es come\u00e7am logo nesta <a href=\"https:\/\/jundiai.sp.gov.br\/noticias\/2019\/11\/05\/sexta-no-centro-elege-a-rainha-e-princesas-da-corte-da-uva-2020\/\">sexta-feira (08), a partir das 16h, com o Sexta no Centro na Pra\u00e7a do Coreto<\/a>. Al\u00e9m das atra\u00e7\u00f5es art\u00edsticas, com o cortejo circense da Trupe Pling e os shows das bandas Funk\u2019s Natra e Brasil in Conserto, est\u00e3o programadas para a noite a abertura da FLIJ, \u00e0s 18h, e a elei\u00e7\u00e3o da rainha e princesas da Corte da 37\u00aa Festa da Uva e 8\u00aa Expo Vinhos, \u00e0s 19h.<\/p>\n<p>Ainda nesta\u00a0<a href=\"https:\/\/jundiai.sp.gov.br\/noticias\/2019\/11\/06\/festival-de-curtas-chega-a-sua-2a-edicao-com-programacao-gratuita\/\">sexta (08), \u00e0s 19h30, come\u00e7am as exibi\u00e7\u00f5es da 2\u00aa edi\u00e7\u00e3o do Festival de Curtas<\/a>, na Sala Cult do Paineiras Shopping. A programa\u00e7\u00e3o segue no s\u00e1bado (09) e domingo (10), ao longo do dia, com as exibi\u00e7\u00f5es dos curtas inscritos e convidados e rodas de conversa. A premia\u00e7\u00e3o ser\u00e1 no domingo (10), \u00e0s 19h.<\/p>\n<p>A programa\u00e7\u00e3o da\u00a0<a href=\"https:\/\/jundiai.sp.gov.br\/noticias\/2019\/11\/07\/jundiai-recebe-1a-festa-literaria-com-programacao-gratuita\/\">FLIJ segue no s\u00e1bado (09) e domingo (10), das 9h \u00e0s 19h,<\/a>\u00a0no Parque da Uva, com palestras e vendas de livros na JundComics.<\/p>\n<p>Tamb\u00e9m no\u00a0<a href=\"https:\/\/jundiai.sp.gov.br\/noticias\/2019\/11\/05\/com-orquestra-e-cia-de-danca-polytheama-tem-concerto-gratuito-neste-sabado-09\/\">s\u00e1bado (09), \u00e0s 20h, o Teatro Polytheama recebe o concerto gratuito<\/a>\u00a0da Orquestra Municipal da Jundia\u00ed (OMJ) com a participa\u00e7\u00e3o especial da Cia. Jovem de Dan\u00e7a. A entrada \u00e9 gratuita e os ingressos come\u00e7am a ser distribu\u00eddos nesta sexta-feira (08), a partir das 10h, na bilheteria do Teatro. Cada pessoa pode retirar at\u00e9 dois ingressos.<\/p>\n<div id=\"attachment_238661\" style=\"width: 514px\" class=\"wp-caption alignright\"><img loading=\"lazy\" decoding=\"async\" aria-describedby=\"caption-attachment-238661\" class=\"wp-image-238661\" src=\"https:\/\/jundiai.sp.gov.br\/noticias\/wp-content\/uploads\/sites\/32\/2019\/11\/apresentacao-orquestra-municipal-no-polytheama_c_-128-1280x854.jpg\" sizes=\"auto, (max-width: 1024px) 100vw, 1024px\" srcset=\"https:\/\/jundiai.sp.gov.br\/noticias\/wp-content\/uploads\/sites\/32\/2019\/11\/apresentacao-orquestra-municipal-no-polytheama_c_-128-1280x854.jpg 1280w, https:\/\/jundiai.sp.gov.br\/noticias\/wp-content\/uploads\/sites\/32\/2019\/11\/apresentacao-orquestra-municipal-no-polytheama_c_-128-300x200.jpg 300w, https:\/\/jundiai.sp.gov.br\/noticias\/wp-content\/uploads\/sites\/32\/2019\/11\/apresentacao-orquestra-municipal-no-polytheama_c_-128-768x513.jpg 768w, https:\/\/jundiai.sp.gov.br\/noticias\/wp-content\/uploads\/sites\/32\/2019\/11\/apresentacao-orquestra-municipal-no-polytheama_c_-128-450x300.jpg 450w, https:\/\/jundiai.sp.gov.br\/noticias\/wp-content\/uploads\/sites\/32\/2019\/11\/apresentacao-orquestra-municipal-no-polytheama_c_-128.jpg 1323w\" alt=\"Palco de Teatro, com m\u00fasicos de orquestra e bailarinos\" width=\"504\" height=\"336\" aria-describedby=\"caption-attachment-238661\" \/><p id=\"caption-attachment-238661\" class=\"wp-caption-text\">Orquestra e Cia. de Dan\u00e7a se apresentam juntos no Polytheama neste s\u00e1bado (9)<\/p><\/div>\n<p>A\u00a0<a href=\"https:\/\/jundiai.sp.gov.br\/noticias\/2019\/11\/07\/polytheama-tem-dobradinha-da-cia-jovem-de-danca-neste-fim-de-semana\/\">Cia. Jovem de Dan\u00e7a volta a se apresentar, tamb\u00e9m no Polytheama, no domingo (10), \u00e0s 18h<\/a>. Desta vez com a pe\u00e7a \u201cInstagrimm\u201d. Os ingressos gratuitos come\u00e7am a ser distribu\u00eddos no s\u00e1bado (09), a partir das 10h, tamb\u00e9m com distribui\u00e7\u00e3o de duas entradas por pessoa na bilheteria.<\/p>\n<p><strong>Oficinas<\/strong><\/p>\n<p>No s\u00e1bado (09) pela manh\u00e3 est\u00e3o programadas duas oficinas gratuitas. Logo \u00e0s <a href=\"https:\/\/jundiai.sp.gov.br\/noticias\/2019\/11\/04\/complexo-fepasa-recebe-oficina-gratuita-de-exercicios-cenicos-neste-sabado-09\/\">10h, no Complexo Fepasa, o Grupo Alumiah Teatro promove a oficina de Exerc\u00edcios C\u00eanicos<\/a>, com exerc\u00edcios c\u00eanicos que permitir\u00e3o aos participantes desenvolver a percep\u00e7\u00e3o, ritmo, aten\u00e7\u00e3o e presen\u00e7a de palco para uso em cena. Os interessados devem se\u00a0<a href=\"https:\/\/forms.gle\/vh32V8btzN5y8rZg6\" target=\"_blank\" rel=\"noopener noreferrer\">inscrever gratuitamente pela internet<\/a>.<\/p>\n<p>Ainda no s\u00e1bado (09), \u00e0s 10h30, como parte da programa\u00e7\u00e3o do Festival de Curtas, est\u00e1 programada uma oficina de Roteiro e Dire\u00e7\u00e3o, com o diretor F\u00e1bio Meira na Sala Cult do Paineiras Shopping. Roteiristas e diretores interessados tamb\u00e9m devem se\u00a0<a href=\"https:\/\/docs.google.com\/forms\/d\/e\/1FAIpQLSdyw98nQEQTlZRE_V7Nq-YW1QhqgfO_CLd4y4bTfO8aWOnN4A\/viewform\" target=\"_blank\" rel=\"noopener noreferrer\">inscrever gratuitamente pela internet<\/a>.<\/p>\n<p><em>(Fonte e imagens: Prefeitura de Jundia\u00ed)<\/em><\/p>\n","protected":false},"excerpt":{"rendered":"<p>Orquestra e Cia. de Dan\u00e7a se apresentam juntos no Polytheama neste s\u00e1bado (9)<\/p>\n","protected":false},"author":8,"featured_media":40858,"comment_status":"closed","ping_status":"closed","sticky":false,"template":"","format":"standard","meta":{"footnotes":""},"categories":[2834,2833,29,1],"tags":[6045],"class_list":["post-40854","post","type-post","status-publish","format-standard","has-post-thumbnail","hentry","category-cidades","category-cultura","category-destaque","category-noticias","tag-agenda-de-fim-de-semana-em-jundiai"],"_links":{"self":[{"href":"https:\/\/tvtecjundiai.com.br\/news\/wp-json\/wp\/v2\/posts\/40854","targetHints":{"allow":["GET"]}}],"collection":[{"href":"https:\/\/tvtecjundiai.com.br\/news\/wp-json\/wp\/v2\/posts"}],"about":[{"href":"https:\/\/tvtecjundiai.com.br\/news\/wp-json\/wp\/v2\/types\/post"}],"author":[{"embeddable":true,"href":"https:\/\/tvtecjundiai.com.br\/news\/wp-json\/wp\/v2\/users\/8"}],"replies":[{"embeddable":true,"href":"https:\/\/tvtecjundiai.com.br\/news\/wp-json\/wp\/v2\/comments?post=40854"}],"version-history":[{"count":2,"href":"https:\/\/tvtecjundiai.com.br\/news\/wp-json\/wp\/v2\/posts\/40854\/revisions"}],"predecessor-version":[{"id":40859,"href":"https:\/\/tvtecjundiai.com.br\/news\/wp-json\/wp\/v2\/posts\/40854\/revisions\/40859"}],"wp:featuredmedia":[{"embeddable":true,"href":"https:\/\/tvtecjundiai.com.br\/news\/wp-json\/wp\/v2\/media\/40858"}],"wp:attachment":[{"href":"https:\/\/tvtecjundiai.com.br\/news\/wp-json\/wp\/v2\/media?parent=40854"}],"wp:term":[{"taxonomy":"category","embeddable":true,"href":"https:\/\/tvtecjundiai.com.br\/news\/wp-json\/wp\/v2\/categories?post=40854"},{"taxonomy":"post_tag","embeddable":true,"href":"https:\/\/tvtecjundiai.com.br\/news\/wp-json\/wp\/v2\/tags?post=40854"}],"curies":[{"name":"wp","href":"https:\/\/api.w.org\/{rel}","templated":true}]}}