{"id":41159,"date":"2019-11-14T10:20:56","date_gmt":"2019-11-14T12:20:56","guid":{"rendered":"https:\/\/tvtecjundiai.com.br\/news\/?p=41159"},"modified":"2019-11-14T11:08:57","modified_gmt":"2019-11-14T13:08:57","slug":"transito-muda-em-areas-comerciais-de-jundiai-a-partir-de-1-12","status":"publish","type":"post","link":"https:\/\/tvtecjundiai.com.br\/news\/2019\/11\/14\/transito-muda-em-areas-comerciais-de-jundiai-a-partir-de-1-12\/","title":{"rendered":"Tr\u00e2nsito muda em \u00e1reas comerciais de Jundia\u00ed a partir de 1\/12"},"content":{"rendered":"<p>A Unidade de Gest\u00e3o de Mobilidade e Transporte (UGMT) de Jundia\u00ed informou nesta quarta-feira (13) que, a partir do dia 1\u00ba de dezembro, iniciar\u00e1 o monitoramento das \u00e1reas comerciais da cidade com o hor\u00e1rio estendido entre 7 e 23 horas e tamb\u00e9m aos domingos, entre 8 e 19 horas, em virtude das festas natalinas. Com o aumento significativo no fluxo de ve\u00edculos, principalmente na \u00e1rea central e na regi\u00e3o dos shopping centers, algumas regulamenta\u00e7\u00f5es de tr\u00e2nsito ser\u00e3o alteradas para melhorar a fluidez de ve\u00edculos e a seguran\u00e7a dos pedestres.<\/p>\n<div id=\"attachment_238987\" style=\"width: 482px\" class=\"wp-caption alignright\"><img loading=\"lazy\" decoding=\"async\" aria-describedby=\"caption-attachment-238987\" class=\"wp-image-238987\" src=\"https:\/\/jundiai.sp.gov.br\/noticias\/wp-content\/uploads\/sites\/32\/2019\/11\/transito-jundiai-78.jpg\" sizes=\"auto, (max-width: 1260px) 100vw, 1260px\" srcset=\"https:\/\/jundiai.sp.gov.br\/noticias\/wp-content\/uploads\/sites\/32\/2019\/11\/transito-jundiai-78.jpg 1260w, https:\/\/jundiai.sp.gov.br\/noticias\/wp-content\/uploads\/sites\/32\/2019\/11\/transito-jundiai-78-300x198.jpg 300w, https:\/\/jundiai.sp.gov.br\/noticias\/wp-content\/uploads\/sites\/32\/2019\/11\/transito-jundiai-78-768x508.jpg 768w\" alt=\"Com as mudan\u00e7as, UGMT quer melhorar a fluidez de ve\u00edculos e a seguran\u00e7a dos pedestres\" width=\"472\" height=\"312\" aria-describedby=\"caption-attachment-238987\" \/><p id=\"caption-attachment-238987\" class=\"wp-caption-text\">Com as mudan\u00e7as, UGMT quer melhorar a fluidez de ve\u00edculos e a seguran\u00e7a dos pedestres<\/p><\/div>\n<p>Na rua Engenheiro Monlevade, trecho entre as ruas do Ros\u00e1rio e Senador Fonseca, a sinaliza\u00e7\u00e3o que permite o estacionamento de ve\u00edculos ap\u00f3s \u00e0s 19 horas ser\u00e1 alterada, liberando o estacionamento somente ap\u00f3s 22 horas. O mesmo vai acontecer na rua do Ros\u00e1rio, entre a Cel. Siqueira de Moraes e a Cel. Leme da Fonseca.<\/p>\n<p>J\u00e1 na rua Bar\u00e3o de Jundia\u00ed, onde h\u00e1 o cal\u00e7ad\u00e3o para pedestres, entre as ruas Naim Miguel e Cel. Siqueira de Moraes, com libera\u00e7\u00e3o ao tr\u00e2nsito de ve\u00edculos a partir das 19 horas, tamb\u00e9m ser\u00e1 alterado para somente ap\u00f3s as 22 horas. A carga e descarga de mercadorias continuar\u00e1 com o hor\u00e1rio regulamentado neste trecho entre 6 e 9 horas.<\/p>\n<p>Na rua da Padroeira, esquina com a Bar\u00e3o de Jundia\u00ed, onde \u00e9 permitida a convers\u00e3o \u00e0 esquerda para acesso \u00e0 Bar\u00e3o de Jundia\u00ed a partir das 19 horas, tamb\u00e9m ser\u00e1 alterada para somente ap\u00f3s 22 horas.<\/p>\n<p><strong>Rotat\u00f3ria da 9 de Julho<\/strong><br \/>\nNa rotat\u00f3ria da avenida 9 de Julho, pr\u00f3xima ao Jundia\u00ed Shopping, haver\u00e1 monitoramento constante dos agentes de tr\u00e2nsito para intervir no conjunto semaf\u00f3rico, se necess\u00e1rio. O estacionamento rotativo n\u00e3o ter\u00e1 altera\u00e7\u00f5es nos hor\u00e1rios, mantendo-se das 8h \u00e0s 18h de segunda-feira \u00e0 sexta-feira, e no s\u00e1bado, das 8 \u00e0s 13 horas.<\/p>\n<p>No dia 19 de dezembro, pr\u00f3ximo das 19 horas, ser\u00e1 interditada a rua do Ros\u00e1rio (entre as ruas S\u00e3o Bento e Rua Naim Miguel) para a Parada de Natal realizada pela C\u00e2mara dos Dirigentes Logistas de Jundia\u00ed (CDL). A via ser\u00e1 liberada ap\u00f3s o t\u00e9rmino do evento.<\/p>\n<p>No dia 20 de dezembro ocorrer\u00e1 a Carreata da Coca Cola, que percorrer\u00e1 v\u00e1rias vias do munic\u00edpio com passagem pela rua do Ros\u00e1rio prevista para depois das 20 horas, mas a interdi\u00e7\u00e3o do tr\u00e2nsito de ve\u00edculos ser\u00e1 somente para a passagem da carreata.<\/p>\n<p>Os agentes de tr\u00e2nsito estar\u00e3o na \u00e1rea central e em todas as \u00e1reas comerciais dos bairros do munic\u00edpio com intuito de manter a seguran\u00e7a vi\u00e1ria e a fluidez do tr\u00e2nsito de ve\u00edculos e pedestres. Haver\u00e1 o acompanhamento de todos os eventos que ocorrerem em virtude das comemora\u00e7\u00f5es do Natal. Mesmo com o aumento do monitoramento nestas \u00e1reas, o atendimento rotineiro aos mun\u00edcipes e o acompanhamento em obras e eventos feitos pelos agentes de tr\u00e2nsito em outras regi\u00f5es do munic\u00edpio n\u00e3o ser\u00e3o prejudicados.<\/p>\n<p>A UGMT sempre refor\u00e7a a orienta\u00e7\u00e3o a todos os motoristas para que respeitem as sinaliza\u00e7\u00f5es e regulamenta\u00e7\u00f5es de tr\u00e2nsito, evitando multas e aborrecimentos.<\/p>\n<p><em>(Fonte e imagem: Prefeitura de Jundia\u00ed)<\/em><\/p>\n","protected":false},"excerpt":{"rendered":"<p>Dia 19\/12, 19 horas, a Rua do Ros\u00e1rio receber\u00e1 a Parada de Natal<\/p>\n","protected":false},"author":8,"featured_media":41160,"comment_status":"closed","ping_status":"closed","sticky":false,"template":"","format":"standard","meta":{"footnotes":""},"categories":[2834,29,2829,5697,1],"tags":[6068],"class_list":["post-41159","post","type-post","status-publish","format-standard","has-post-thumbnail","hentry","category-cidades","category-destaque","category-economia","category-mobilidade-noticias","category-noticias","tag-transito-no-centro-de-jundiai-em-dezembro"],"_links":{"self":[{"href":"https:\/\/tvtecjundiai.com.br\/news\/wp-json\/wp\/v2\/posts\/41159","targetHints":{"allow":["GET"]}}],"collection":[{"href":"https:\/\/tvtecjundiai.com.br\/news\/wp-json\/wp\/v2\/posts"}],"about":[{"href":"https:\/\/tvtecjundiai.com.br\/news\/wp-json\/wp\/v2\/types\/post"}],"author":[{"embeddable":true,"href":"https:\/\/tvtecjundiai.com.br\/news\/wp-json\/wp\/v2\/users\/8"}],"replies":[{"embeddable":true,"href":"https:\/\/tvtecjundiai.com.br\/news\/wp-json\/wp\/v2\/comments?post=41159"}],"version-history":[{"count":5,"href":"https:\/\/tvtecjundiai.com.br\/news\/wp-json\/wp\/v2\/posts\/41159\/revisions"}],"predecessor-version":[{"id":41172,"href":"https:\/\/tvtecjundiai.com.br\/news\/wp-json\/wp\/v2\/posts\/41159\/revisions\/41172"}],"wp:featuredmedia":[{"embeddable":true,"href":"https:\/\/tvtecjundiai.com.br\/news\/wp-json\/wp\/v2\/media\/41160"}],"wp:attachment":[{"href":"https:\/\/tvtecjundiai.com.br\/news\/wp-json\/wp\/v2\/media?parent=41159"}],"wp:term":[{"taxonomy":"category","embeddable":true,"href":"https:\/\/tvtecjundiai.com.br\/news\/wp-json\/wp\/v2\/categories?post=41159"},{"taxonomy":"post_tag","embeddable":true,"href":"https:\/\/tvtecjundiai.com.br\/news\/wp-json\/wp\/v2\/tags?post=41159"}],"curies":[{"name":"wp","href":"https:\/\/api.w.org\/{rel}","templated":true}]}}