{"id":41560,"date":"2019-11-22T16:26:28","date_gmt":"2019-11-22T18:26:28","guid":{"rendered":"https:\/\/tvtecjundiai.com.br\/news\/?p=41560"},"modified":"2019-11-22T17:27:47","modified_gmt":"2019-11-22T19:27:47","slug":"estao-abertas-as-inscricoes-para-vinhateiros-voluntarios-da-festa-da-uva-2020-1","status":"publish","type":"post","link":"https:\/\/tvtecjundiai.com.br\/news\/2019\/11\/22\/estao-abertas-as-inscricoes-para-vinhateiros-voluntarios-da-festa-da-uva-2020-1\/","title":{"rendered":"Est\u00e3o abertas as inscri\u00e7\u00f5es para vinhateiros volunt\u00e1rios da Festa da Uva 2020"},"content":{"rendered":"<p>Est\u00e3o abertas at\u00e9 este s\u00e1bado (30) as inscri\u00e7\u00f5es para vinhateiros e vinhateiras volunt\u00e1rios para trabalhar durante a <a href=\"https:\/\/festadauva.jundiai.sp.gov.br\/\" target=\"_blank\" rel=\"noopener noreferrer\">37\u00aa Festa da Uva e 8\u00aa Expo Vinhos de Jundia\u00ed<\/a>, que ser\u00e1 realizada nos dias 16, 17, 18, 19, 24, 25, 26 e 31 de janeiro e 1 e 2 de fevereiro do ano que vem no Parque Comendador Ant\u00f4nio Carbonari (Parque da Uva).<\/p>\n<div id=\"attachment_41561\" style=\"width: 410px\" class=\"wp-caption alignleft\"><a href=\"https:\/\/tvtecjundiai.com.br\/news\/wp-content\/uploads\/sites\/2\/2019\/11\/festa_da_uva_secretario_do_estado-215-1231x960.jpg\"><img loading=\"lazy\" decoding=\"async\" aria-describedby=\"caption-attachment-41561\" class=\"wp-image-41561\" src=\"https:\/\/tvtecjundiai.com.br\/news\/wp-content\/uploads\/sites\/2\/2019\/11\/festa_da_uva_secretario_do_estado-215-1231x960-300x234.jpg\" alt=\"\" width=\"400\" height=\"312\" \/><\/a><p id=\"caption-attachment-41561\" class=\"wp-caption-text\">Junto com a Corte da Uva, os vinhateiros representam a Festa e d\u00e3o as boas-vindas aos visitantes<\/p><\/div>\n<p>Os interessados devem ter entre nove e 35 anos e realizar\u00a0<a href=\"https:\/\/midi.as\/Vinhateiro\" target=\"_blank\" rel=\"noopener noreferrer\">inscri\u00e7\u00e3o gratuita pela internet<\/a>. A participa\u00e7\u00e3o dos inscritos ser\u00e1 em forma de revezamento, conforme disponibilidade de hor\u00e1rios de cada participante e acordo com a Unidade de Gest\u00e3o de Cultura (UGC). Durante o per\u00edodo, os volunt\u00e1rios receber\u00e3o transporte e alimenta\u00e7\u00e3o para os dias em que trabalharem na festa.<\/p>\n<p>Juntamente com a rainha e princesas da Corte da Uva, os vinhateiros representam a Festa e d\u00e3o as boas-vindas aos visitantes. Mais informa\u00e7\u00f5es podem ser obtidas pelo telefone da UGC (11) 4585-9750 ou pessoalmente no Complexo Fepasa, que fica na avenida Uni\u00e3o dos Ferrovi\u00e1rios, 1760.<\/p>\n<p><em>(Fonte\/Imagem: Prefeitura de Jundia\u00ed)<\/em><\/p>\n","protected":false},"excerpt":{"rendered":"<p>A participa\u00e7\u00e3o dos inscritos ser\u00e1 em forma de revezamento, conforme disponibilidade de hor\u00e1rios <\/p>\n","protected":false},"author":13,"featured_media":41561,"comment_status":"closed","ping_status":"closed","sticky":false,"template":"","format":"standard","meta":{"footnotes":""},"categories":[2834,1],"tags":[],"class_list":["post-41560","post","type-post","status-publish","format-standard","has-post-thumbnail","hentry","category-cidades","category-noticias"],"_links":{"self":[{"href":"https:\/\/tvtecjundiai.com.br\/news\/wp-json\/wp\/v2\/posts\/41560","targetHints":{"allow":["GET"]}}],"collection":[{"href":"https:\/\/tvtecjundiai.com.br\/news\/wp-json\/wp\/v2\/posts"}],"about":[{"href":"https:\/\/tvtecjundiai.com.br\/news\/wp-json\/wp\/v2\/types\/post"}],"author":[{"embeddable":true,"href":"https:\/\/tvtecjundiai.com.br\/news\/wp-json\/wp\/v2\/users\/13"}],"replies":[{"embeddable":true,"href":"https:\/\/tvtecjundiai.com.br\/news\/wp-json\/wp\/v2\/comments?post=41560"}],"version-history":[{"count":2,"href":"https:\/\/tvtecjundiai.com.br\/news\/wp-json\/wp\/v2\/posts\/41560\/revisions"}],"predecessor-version":[{"id":41563,"href":"https:\/\/tvtecjundiai.com.br\/news\/wp-json\/wp\/v2\/posts\/41560\/revisions\/41563"}],"wp:featuredmedia":[{"embeddable":true,"href":"https:\/\/tvtecjundiai.com.br\/news\/wp-json\/wp\/v2\/media\/41561"}],"wp:attachment":[{"href":"https:\/\/tvtecjundiai.com.br\/news\/wp-json\/wp\/v2\/media?parent=41560"}],"wp:term":[{"taxonomy":"category","embeddable":true,"href":"https:\/\/tvtecjundiai.com.br\/news\/wp-json\/wp\/v2\/categories?post=41560"},{"taxonomy":"post_tag","embeddable":true,"href":"https:\/\/tvtecjundiai.com.br\/news\/wp-json\/wp\/v2\/tags?post=41560"}],"curies":[{"name":"wp","href":"https:\/\/api.w.org\/{rel}","templated":true}]}}