{"id":41615,"date":"2019-11-25T10:16:11","date_gmt":"2019-11-25T12:16:11","guid":{"rendered":"https:\/\/tvtecjundiai.com.br\/news\/?p=41615"},"modified":"2019-11-25T10:16:11","modified_gmt":"2019-11-25T12:16:11","slug":"populacao-aprova-campanha-nao-de-mole-para-a-morte","status":"publish","type":"post","link":"https:\/\/tvtecjundiai.com.br\/news\/2019\/11\/25\/populacao-aprova-campanha-nao-de-mole-para-a-morte\/","title":{"rendered":"Popula\u00e7\u00e3o aprova campanha &#8216;N\u00e3o d\u00ea mole para a morte&#8217;"},"content":{"rendered":"<p>Motoristas e pedestres que circulam por Jundia\u00ed t\u00eam se deparado com a figura emblem\u00e1tica da \u2018morte\u2019 \u2013 vestida de preto com a sua foice \u2013 e dos anjos no tr\u00e2nsito da cidade. As apari\u00e7\u00f5es fazem parte da campanha<em> \u2018N\u00e3o d\u00ea mole para a morte, fa\u00e7a a sua parte\u2019<\/em>, desenvolvida pela Prefeitura de Jundia\u00ed, por meio da Unidade de Gest\u00e3o de Mobilidade e Transporte (UGMT), com o objetivo de conscientizar sobre os principais fatores que resultam em acidentes.<\/p>\n<div id=\"attachment_239596\" style=\"width: 410px\" class=\"wp-caption alignright\"><img loading=\"lazy\" decoding=\"async\" aria-describedby=\"caption-attachment-239596\" class=\"wp-image-239596\" src=\"https:\/\/jundiai.sp.gov.br\/noticias\/wp-content\/uploads\/sites\/32\/2019\/11\/campanha_de_transito_nove_de_julho_retiro-63.jpg\" sizes=\"auto, (max-width: 1323px) 100vw, 1323px\" srcset=\"https:\/\/jundiai.sp.gov.br\/noticias\/wp-content\/uploads\/sites\/32\/2019\/11\/campanha_de_transito_nove_de_julho_retiro-63.jpg 1323w, https:\/\/jundiai.sp.gov.br\/noticias\/wp-content\/uploads\/sites\/32\/2019\/11\/campanha_de_transito_nove_de_julho_retiro-63-300x199.jpg 300w, https:\/\/jundiai.sp.gov.br\/noticias\/wp-content\/uploads\/sites\/32\/2019\/11\/campanha_de_transito_nove_de_julho_retiro-63-768x509.jpg 768w, https:\/\/jundiai.sp.gov.br\/noticias\/wp-content\/uploads\/sites\/32\/2019\/11\/campanha_de_transito_nove_de_julho_retiro-63-1280x848.jpg 1280w\" alt=\"\" width=\"400\" height=\"265\" aria-describedby=\"caption-attachment-239596\" \/><p id=\"caption-attachment-239596\" class=\"wp-caption-text\">A campanha tem o objetivo de conscientizar sobre os riscos de n\u00e3o se respeitar a legisla\u00e7\u00e3o de tr\u00e2nsito<\/p><\/div>\n<p><em>\u201cCelular na dire\u00e7\u00e3o! Nem pensar! Respeite a vida!\u201d, \u201cSempre respeite a velocidade! Respeite a vida!\u201d, \u201cDirige, fala e mexe no celular? Que \u00f3timo!\u201d<\/em> e<em> \u201cN\u00e3o respeita a velocidade? Adorooo!\u201d<\/em> s\u00e3o os recados deixados pelos personagens. Fernando Valadares passou pela avenida Nove de Julho na manh\u00e3 do s\u00e1bado (23), enquanto a campanha era desenvolvida. \u201c\u00c9 uma iniciativa muito bacana, que realmente nos coloca para pensar\u201d, comenta o morador de Jundia\u00ed.<\/p>\n<p>Henrique Crispim tamb\u00e9m aprovou a a\u00e7\u00e3o. \u201c\u00c9 uma boa forma de conscientizar. As pessoas precisam analisar os atos que praticam e que podem acarretar em problemas irrevers\u00edveis\u201d, explica o morador de Jundia\u00ed, que abriu o vidro do carro para conversar com a morte.<\/p>\n<p>Para o agente de tr\u00e2nsito Gilson Rios, que tem 18 anos no trabalho di\u00e1rio nas ruas, a desobedi\u00eancia \u00e0s leis, o excesso de velocidade, o consumo de \u00e1lcool antes de dirigir e a utiliza\u00e7\u00e3o de celular enquanto dirige s\u00e3o os principais fatores desencadeadores de acidentes. \u201cA campanha \u00e9 destinada para pedestres e motoristas, para lembr\u00e1-los que a morte sempre est\u00e1 ali, pedindo carona. Basta um erro para ela chegue at\u00e9 voc\u00ea\u201d, alerta.<\/p>\n<p>Os personagens seguem em circula\u00e7\u00e3o at\u00e9 o dia 20 de dezembro em espa\u00e7os p\u00fablicos, bares, faculdades e cruzamentos de grandes vias de Jundia\u00ed para passar a mensagem de um tr\u00e2nsito mais seguro e de respeito \u00e0 legisla\u00e7\u00e3o. Segundo a respons\u00e1vel pela Divis\u00e3o de Educa\u00e7\u00e3o de Tr\u00e2nsito da UGMT, Juliana Maria Maia, a campanha tem tido boa receptividade entre a popula\u00e7\u00e3o.<\/p>\n<div id=\"attachment_239598\" style=\"width: 424px\" class=\"wp-caption alignright\"><img loading=\"lazy\" decoding=\"async\" aria-describedby=\"caption-attachment-239598\" class=\"wp-image-239598\" src=\"https:\/\/jundiai.sp.gov.br\/noticias\/wp-content\/uploads\/sites\/32\/2019\/11\/campanha_de_transito_nove_de_julho_retiro-125.jpg\" sizes=\"auto, (max-width: 1323px) 100vw, 1323px\" srcset=\"https:\/\/jundiai.sp.gov.br\/noticias\/wp-content\/uploads\/sites\/32\/2019\/11\/campanha_de_transito_nove_de_julho_retiro-125.jpg 1323w, https:\/\/jundiai.sp.gov.br\/noticias\/wp-content\/uploads\/sites\/32\/2019\/11\/campanha_de_transito_nove_de_julho_retiro-125-300x204.jpg 300w, https:\/\/jundiai.sp.gov.br\/noticias\/wp-content\/uploads\/sites\/32\/2019\/11\/campanha_de_transito_nove_de_julho_retiro-125-768x522.jpg 768w, https:\/\/jundiai.sp.gov.br\/noticias\/wp-content\/uploads\/sites\/32\/2019\/11\/campanha_de_transito_nove_de_julho_retiro-125-1280x871.jpg 1280w\" alt=\"\" width=\"414\" height=\"281\" aria-describedby=\"caption-attachment-239598\" \/><p id=\"caption-attachment-239598\" class=\"wp-caption-text\">Fernando Valadares aprovou a campanha de conscientiza\u00e7\u00e3o<\/p><\/div>\n<p>\u201cO artif\u00edcio l\u00fadico colabora para que mensagem de conscientiza\u00e7\u00e3o seja absorvida. O acidente de tr\u00e2nsito pode causar desde fraturas leves at\u00e9 comprometimento total da v\u00edtima, ou ainda, a morte. Queremos sensibilizar as pessoas para que respeitem a vida, a sinaliza\u00e7\u00e3o e a conviv\u00eancia pac\u00edfica no tr\u00e2nsito\u201d, explica e t\u00e9cnica, que ainda salienta os impactos causados pelos acidentes. \u201cQuando acontece um acidente de tr\u00e2nsito, al\u00e9m do acidentado parar de trabalhar, outra pessoa da fam\u00edlia ter\u00e1 de parar para poder cuidar dele. Isso desestrutura todo o ambiente familiar. Um acidente de tr\u00e2nsito causa impacto financeiro e emocional\u201d, resume.<\/p>\n<p><em>(Fonte e imagens: Prefeitura de Jundia\u00ed)<\/em><\/p>\n","protected":false},"excerpt":{"rendered":"<p>A a\u00e7\u00e3o segue at\u00e9  20\/12 em espa\u00e7os p\u00fablico, bares, faculdades e no tr\u00e2nsito<\/p>\n","protected":false},"author":8,"featured_media":41616,"comment_status":"closed","ping_status":"closed","sticky":false,"template":"","format":"standard","meta":{"footnotes":""},"categories":[5697,1],"tags":[],"class_list":["post-41615","post","type-post","status-publish","format-standard","has-post-thumbnail","hentry","category-mobilidade-noticias","category-noticias"],"_links":{"self":[{"href":"https:\/\/tvtecjundiai.com.br\/news\/wp-json\/wp\/v2\/posts\/41615","targetHints":{"allow":["GET"]}}],"collection":[{"href":"https:\/\/tvtecjundiai.com.br\/news\/wp-json\/wp\/v2\/posts"}],"about":[{"href":"https:\/\/tvtecjundiai.com.br\/news\/wp-json\/wp\/v2\/types\/post"}],"author":[{"embeddable":true,"href":"https:\/\/tvtecjundiai.com.br\/news\/wp-json\/wp\/v2\/users\/8"}],"replies":[{"embeddable":true,"href":"https:\/\/tvtecjundiai.com.br\/news\/wp-json\/wp\/v2\/comments?post=41615"}],"version-history":[{"count":1,"href":"https:\/\/tvtecjundiai.com.br\/news\/wp-json\/wp\/v2\/posts\/41615\/revisions"}],"predecessor-version":[{"id":41617,"href":"https:\/\/tvtecjundiai.com.br\/news\/wp-json\/wp\/v2\/posts\/41615\/revisions\/41617"}],"wp:featuredmedia":[{"embeddable":true,"href":"https:\/\/tvtecjundiai.com.br\/news\/wp-json\/wp\/v2\/media\/41616"}],"wp:attachment":[{"href":"https:\/\/tvtecjundiai.com.br\/news\/wp-json\/wp\/v2\/media?parent=41615"}],"wp:term":[{"taxonomy":"category","embeddable":true,"href":"https:\/\/tvtecjundiai.com.br\/news\/wp-json\/wp\/v2\/categories?post=41615"},{"taxonomy":"post_tag","embeddable":true,"href":"https:\/\/tvtecjundiai.com.br\/news\/wp-json\/wp\/v2\/tags?post=41615"}],"curies":[{"name":"wp","href":"https:\/\/api.w.org\/{rel}","templated":true}]}}