{"id":41619,"date":"2019-11-25T14:15:33","date_gmt":"2019-11-25T16:15:33","guid":{"rendered":"https:\/\/tvtecjundiai.com.br\/news\/?p=41619"},"modified":"2019-11-25T14:22:24","modified_gmt":"2019-11-25T16:22:24","slug":"jundiai-sedia-forum-regional-de-seguranca-publica","status":"publish","type":"post","link":"https:\/\/tvtecjundiai.com.br\/news\/2019\/11\/25\/jundiai-sedia-forum-regional-de-seguranca-publica\/","title":{"rendered":"Jundia\u00ed sedia F\u00f3rum Regional de Seguran\u00e7a P\u00fablica"},"content":{"rendered":"<div>\n<div>\n<p>O F\u00f3rum Regional de Com\u00e9rcio Ind\u00fastria e Servi\u00e7os de Jundia\u00ed e Regi\u00e3o (Forcis), que re\u00fane 29 entidades da sociedade civil, realiza no dia 26 de novembro, das 8h30 \u00e0s 17 horas, na Unip, o \u201cF\u00f3rum Regional de Seguran\u00e7a P\u00fablica \u2013 Pertencimento\u201d.<\/p>\n<p>O evento reunir\u00e1 representantes de diferentes segmentos e for\u00e7as policiais que debater\u00e3o temas de seguran\u00e7a e sa\u00fade p\u00fablica nos sete munic\u00edpios que comp\u00f5em o Aglomerado Urbano de Jundia\u00ed (Cabre\u00fava, Campo Limpo Paulista, Itupeva, Jarinu, Jundia\u00ed, Louveira e V\u00e1rzea Paulista).<\/p>\n<p>Ao final do encontro ser\u00e1 elaborada uma carta para ser enviada ao governo Estadual e aos prefeitos das cidades do Aglomerado. \u201cNeste documento incluiremos todas as propostas de melhorias sugeridas durante o F\u00f3rum\u201d, afirma Pedro Braggio, presidente da Ag\u00eancia de Desenvolvimento de Jundia\u00ed e Regi\u00e3o (Adej), que faz parte da executiva do Forcis.<\/p>\n<p>Segundo ele, o F\u00f3rum tem a finalidade de discutir os temas na regi\u00e3o e mostrar a import\u00e2ncia do envolvimento do poder p\u00fablico mas principalmente da sociedade civil. \u201cEst\u00e1 na constitui\u00e7\u00e3o: a seguran\u00e7a p\u00fablica \u00e9 dever do Estado mas direito e responsabilidade de todos. A popula\u00e7\u00e3o pode e deve se envolver neste tipo de discuss\u00e3o que propicia melhora na qualidade de vida dos cidad\u00e3os.\u201d<\/p>\n<p><a href=\"https:\/\/tvtecjundiai.com.br\/news\/wp-content\/uploads\/sites\/2\/2019\/11\/forum.jpg\"><img loading=\"lazy\" decoding=\"async\" class=\"size-medium wp-image-41655 alignright\" src=\"https:\/\/tvtecjundiai.com.br\/news\/wp-content\/uploads\/sites\/2\/2019\/11\/forum-300x305.jpg\" alt=\"\" width=\"295\" height=\"300\" srcset=\"https:\/\/tvtecjundiai.com.br\/news\/wp-content\/uploads\/sites\/2\/2019\/11\/forum-300x305.jpg 300w, https:\/\/tvtecjundiai.com.br\/news\/wp-content\/uploads\/sites\/2\/2019\/11\/forum.jpg 712w\" sizes=\"auto, (max-width: 295px) 100vw, 295px\" \/><\/a><\/p>\n<p><strong>Confira a programa\u00e7\u00e3o:<\/strong><\/p>\n<\/div>\n<ul>\n<li>8h30: <strong>Recep\u00e7\u00e3o<\/strong><\/li>\n<li>9h: <strong>Abertura \u2013<\/strong> Panorama da Seguran\u00e7a P\u00fablica no Brasil e Regi\u00e3o, com palestra do Coronel Jos\u00e9 Ricardo Trevisan Arantes, Comandante do Policiamento do Interior \u2013 Campinas<\/li>\n<li><strong>9h30: Painel 1 \u2013<\/strong> Combate ao Crime Organizado<\/li>\n<li><strong>10h30: Painel 2 \u2013 <\/strong>Pr\u00e1ticas de Integra\u00e7\u00e3o Regional<\/li>\n<li><strong>11h30: Painel 3<\/strong> \u2013 Viol\u00eancia e preven\u00e7\u00e3o de Acidentes de Tr\u00e2nsito<\/li>\n<li><strong>12h30: Almo\u00e7o<\/strong><\/li>\n<li><strong>14h: Painel 4 \u2013<\/strong> Medidas de Prote\u00e7\u00e3o \u00e0 Mulher<\/li>\n<li><strong>15h: Painel Geral \u2013<\/strong> Elabora\u00e7\u00e3o da Carta Jundia\u00ed<\/li>\n<li><strong>17h: Encerramento<\/strong><\/li>\n<\/ul>\n<p><strong>SERVI\u00c7O<\/strong><\/p>\n<ul>\n<li><em> F\u00f3rum Regional de Com\u00e9rcio Ind\u00fastria e Servi\u00e7os de Jundia\u00ed e Regi\u00e3o (Forcis)<\/em><\/li>\n<li><strong>Data:<\/strong> 26 de novembro, das 8h30 \u00e0s 17 horas<\/li>\n<li><strong>Local:<\/strong> Unip<\/li>\n<\/ul>\n<\/div>\n","protected":false},"excerpt":{"rendered":"<p>Est\u00e3o envolvidos com o evento os sete munic\u00edpios do Aglomerado Urbano de Jundia\u00ed<\/p>\n","protected":false},"author":8,"featured_media":36935,"comment_status":"closed","ping_status":"closed","sticky":false,"template":"","format":"standard","meta":{"footnotes":""},"categories":[1,4831],"tags":[],"class_list":["post-41619","post","type-post","status-publish","format-standard","has-post-thumbnail","hentry","category-noticias","category-seguranca"],"_links":{"self":[{"href":"https:\/\/tvtecjundiai.com.br\/news\/wp-json\/wp\/v2\/posts\/41619","targetHints":{"allow":["GET"]}}],"collection":[{"href":"https:\/\/tvtecjundiai.com.br\/news\/wp-json\/wp\/v2\/posts"}],"about":[{"href":"https:\/\/tvtecjundiai.com.br\/news\/wp-json\/wp\/v2\/types\/post"}],"author":[{"embeddable":true,"href":"https:\/\/tvtecjundiai.com.br\/news\/wp-json\/wp\/v2\/users\/8"}],"replies":[{"embeddable":true,"href":"https:\/\/tvtecjundiai.com.br\/news\/wp-json\/wp\/v2\/comments?post=41619"}],"version-history":[{"count":11,"href":"https:\/\/tvtecjundiai.com.br\/news\/wp-json\/wp\/v2\/posts\/41619\/revisions"}],"predecessor-version":[{"id":41665,"href":"https:\/\/tvtecjundiai.com.br\/news\/wp-json\/wp\/v2\/posts\/41619\/revisions\/41665"}],"wp:featuredmedia":[{"embeddable":true,"href":"https:\/\/tvtecjundiai.com.br\/news\/wp-json\/wp\/v2\/media\/36935"}],"wp:attachment":[{"href":"https:\/\/tvtecjundiai.com.br\/news\/wp-json\/wp\/v2\/media?parent=41619"}],"wp:term":[{"taxonomy":"category","embeddable":true,"href":"https:\/\/tvtecjundiai.com.br\/news\/wp-json\/wp\/v2\/categories?post=41619"},{"taxonomy":"post_tag","embeddable":true,"href":"https:\/\/tvtecjundiai.com.br\/news\/wp-json\/wp\/v2\/tags?post=41619"}],"curies":[{"name":"wp","href":"https:\/\/api.w.org\/{rel}","templated":true}]}}