{"id":41740,"date":"2019-11-26T15:37:19","date_gmt":"2019-11-26T17:37:19","guid":{"rendered":"https:\/\/tvtecjundiai.com.br\/news\/?p=41740"},"modified":"2019-11-26T15:37:19","modified_gmt":"2019-11-26T17:37:19","slug":"italiana-bate-papo-com-alunos-do-centro-de-linguas-de-jundiai","status":"publish","type":"post","link":"https:\/\/tvtecjundiai.com.br\/news\/2019\/11\/26\/italiana-bate-papo-com-alunos-do-centro-de-linguas-de-jundiai\/","title":{"rendered":"Italiana bate papo com alunos do Centro de L\u00ednguas de Jundia\u00ed"},"content":{"rendered":"<p>O Centro de L\u00ednguas Antonio Houaiss \u00e9 mais um equipamento da Prefeitura de Jundia\u00ed direcionado \u00e0 oferta de Educa\u00e7\u00e3o \u00e0 popula\u00e7\u00e3o com o ensino de l\u00ednguas estrangeiras. Entre as metodologias de ensino aplicadas, a conversa\u00e7\u00e3o \u00e9 fundamental para a aprendizagem. E, nesse contexto, as conversas com pessoas nativas de outros pa\u00edses enriquecem o desenvolvimento dos alunos. Nesta semana, a escritora italiana Angela Mela realizou palestra sobre a cultura e costumes daquele pa\u00eds aos alunos de curso de Italiano, no audit\u00f3rio da Biblioteca Municipal Nelson Foot.<\/p>\n<div id=\"attachment_41741\" style=\"width: 510px\" class=\"wp-caption alignleft\"><a href=\"https:\/\/tvtecjundiai.com.br\/news\/wp-content\/uploads\/sites\/2\/2019\/11\/biblioteca_palestra_chefe_de_cozinha_alunos_escola_de-linguas_italiano-26.jpg\"><img loading=\"lazy\" decoding=\"async\" aria-describedby=\"caption-attachment-41741\" class=\"wp-image-41741\" src=\"https:\/\/tvtecjundiai.com.br\/news\/wp-content\/uploads\/sites\/2\/2019\/11\/biblioteca_palestra_chefe_de_cozinha_alunos_escola_de-linguas_italiano-26.jpg\" alt=\"\" width=\"500\" height=\"310\" srcset=\"https:\/\/tvtecjundiai.com.br\/news\/wp-content\/uploads\/sites\/2\/2019\/11\/biblioteca_palestra_chefe_de_cozinha_alunos_escola_de-linguas_italiano-26.jpg 1323w, https:\/\/tvtecjundiai.com.br\/news\/wp-content\/uploads\/sites\/2\/2019\/11\/biblioteca_palestra_chefe_de_cozinha_alunos_escola_de-linguas_italiano-26-300x186.jpg 300w, https:\/\/tvtecjundiai.com.br\/news\/wp-content\/uploads\/sites\/2\/2019\/11\/biblioteca_palestra_chefe_de_cozinha_alunos_escola_de-linguas_italiano-26-768x475.jpg 768w, https:\/\/tvtecjundiai.com.br\/news\/wp-content\/uploads\/sites\/2\/2019\/11\/biblioteca_palestra_chefe_de_cozinha_alunos_escola_de-linguas_italiano-26-1200x743.jpg 1200w\" sizes=\"auto, (max-width: 500px) 100vw, 500px\" \/><\/a><p id=\"caption-attachment-41741\" class=\"wp-caption-text\">Alunos do Centro de L\u00ednguas bateram papo escritora italiana, Angela Mela, que esteve em Jundia\u00ed, nesta semana<\/p><\/div>\n<p>\u201cO contato com pessoas nascidas nos pa\u00edses \u00e9 enriquecedor, j\u00e1 que \u00e9 a fala real de algu\u00e9m que vive no pa\u00eds. Sem contar que os temas abordados s\u00e3o relevantes e proporcionam informa\u00e7\u00f5es adicionais sobre as regi\u00f5es, a culin\u00e1ria, a cultura e a moda, despertando ainda mais o interesse em viajar. Eu, que sou neta de italiano, fiquei encantada com a explica\u00e7\u00e3o sobre o Museu do Imigrante que est\u00e1 sendo digitalizado na It\u00e1lia. J\u00e1 consegui as informa\u00e7\u00f5es da minha fam\u00edlia, aqui, em S\u00e3o Paulo, mas gostaria de ir at\u00e9 l\u00e1 e buscar mais dados\u201d, explica Romilda Dall\u00b4Antonia Taveira, professora.<\/p>\n<p>De acordo com a diretora do Centro de L\u00ednguas e de Tecnologia da Informa\u00e7\u00e3o, Carolina Gasparotto Bertolo, as palestras e os bate-papos s\u00e3o complementos pedag\u00f3gicos utilizados nos cursos de l\u00ednguas, Italiano, Franc\u00eas, Ingl\u00eas e Espanhol. \u201cO Centro de L\u00ednguas de Jundia\u00ed n\u00e3o insere os alunos apenas na gram\u00e1tica, escrita e fala das l\u00ednguas, mas agrega as informa\u00e7\u00f5es de contexto cultural, trazendo pessoas que possam falar, sobre a viv\u00eancia cultural desses pa\u00edses\u201d, detalha.<\/p>\n<p><em>(Prefeitura de Jundia\u00ed)<\/em><\/p>\n","protected":false},"excerpt":{"rendered":"<p>Entre as metodologias de ensino aplicadas, a conversa\u00e7\u00e3o \u00e9 fundamental para a aprendizagem<\/p>\n","protected":false},"author":10,"featured_media":41741,"comment_status":"closed","ping_status":"closed","sticky":false,"template":"","format":"standard","meta":{"footnotes":""},"categories":[2828,1],"tags":[],"class_list":["post-41740","post","type-post","status-publish","format-standard","has-post-thumbnail","hentry","category-educacao","category-noticias"],"_links":{"self":[{"href":"https:\/\/tvtecjundiai.com.br\/news\/wp-json\/wp\/v2\/posts\/41740","targetHints":{"allow":["GET"]}}],"collection":[{"href":"https:\/\/tvtecjundiai.com.br\/news\/wp-json\/wp\/v2\/posts"}],"about":[{"href":"https:\/\/tvtecjundiai.com.br\/news\/wp-json\/wp\/v2\/types\/post"}],"author":[{"embeddable":true,"href":"https:\/\/tvtecjundiai.com.br\/news\/wp-json\/wp\/v2\/users\/10"}],"replies":[{"embeddable":true,"href":"https:\/\/tvtecjundiai.com.br\/news\/wp-json\/wp\/v2\/comments?post=41740"}],"version-history":[{"count":1,"href":"https:\/\/tvtecjundiai.com.br\/news\/wp-json\/wp\/v2\/posts\/41740\/revisions"}],"predecessor-version":[{"id":41742,"href":"https:\/\/tvtecjundiai.com.br\/news\/wp-json\/wp\/v2\/posts\/41740\/revisions\/41742"}],"wp:featuredmedia":[{"embeddable":true,"href":"https:\/\/tvtecjundiai.com.br\/news\/wp-json\/wp\/v2\/media\/41741"}],"wp:attachment":[{"href":"https:\/\/tvtecjundiai.com.br\/news\/wp-json\/wp\/v2\/media?parent=41740"}],"wp:term":[{"taxonomy":"category","embeddable":true,"href":"https:\/\/tvtecjundiai.com.br\/news\/wp-json\/wp\/v2\/categories?post=41740"},{"taxonomy":"post_tag","embeddable":true,"href":"https:\/\/tvtecjundiai.com.br\/news\/wp-json\/wp\/v2\/tags?post=41740"}],"curies":[{"name":"wp","href":"https:\/\/api.w.org\/{rel}","templated":true}]}}