{"id":41796,"date":"2019-11-27T13:08:33","date_gmt":"2019-11-27T15:08:33","guid":{"rendered":"https:\/\/tvtecjundiai.com.br\/news\/?p=41796"},"modified":"2019-11-27T13:09:06","modified_gmt":"2019-11-27T15:09:06","slug":"jundiai-vira-case-de-transformacao-digital-em-ribeirao-preto-e-brasilia","status":"publish","type":"post","link":"https:\/\/tvtecjundiai.com.br\/news\/2019\/11\/27\/jundiai-vira-case-de-transformacao-digital-em-ribeirao-preto-e-brasilia\/","title":{"rendered":"Jundia\u00ed vira case de \u2018transforma\u00e7\u00e3o digital\u2019 em Ribeir\u00e3o Preto e Bras\u00edlia"},"content":{"rendered":"<p>O uso da tecnologia em Jundia\u00ed ser\u00e1 tema de discuss\u00e3o em dois importantes encontros que v\u00e3o acontecer em Ribeir\u00e3o Preto e Bras\u00edlia, dias 29 de novembro e 5 de dezembro, respectivamente. Para mostrar a transforma\u00e7\u00e3o digital da cidade, o presidente da Companhia de Inform\u00e1tica de Jundia\u00ed (Cijun), Amauri Marquezi, falar\u00e1 das solu\u00e7\u00f5es tecnol\u00f3gicas desenvolvidas e como est\u00e3o se tornando refer\u00eancia para diferentes munic\u00edpios. Marquezi vai mostrar as experi\u00eancias do APP Jundia\u00ed, Sistema de Gerenciamento de Projetos, Saepro 2.0, entre outros projetos e falar\u00e1 ainda da Lei de Estatais e como a Companhia se adequou.<\/p>\n<div id=\"attachment_41798\" style=\"width: 510px\" class=\"wp-caption alignright\"><a href=\"https:\/\/tvtecjundiai.com.br\/news\/wp-content\/uploads\/sites\/2\/2019\/11\/vila_arens-41.jpg\"><img loading=\"lazy\" decoding=\"async\" aria-describedby=\"caption-attachment-41798\" class=\"wp-image-41798\" src=\"https:\/\/tvtecjundiai.com.br\/news\/wp-content\/uploads\/sites\/2\/2019\/11\/vila_arens-41.jpg\" alt=\"\" width=\"500\" height=\"333\" srcset=\"https:\/\/tvtecjundiai.com.br\/news\/wp-content\/uploads\/sites\/2\/2019\/11\/vila_arens-41.jpg 1280w, https:\/\/tvtecjundiai.com.br\/news\/wp-content\/uploads\/sites\/2\/2019\/11\/vila_arens-41-300x200.jpg 300w, https:\/\/tvtecjundiai.com.br\/news\/wp-content\/uploads\/sites\/2\/2019\/11\/vila_arens-41-768x512.jpg 768w, https:\/\/tvtecjundiai.com.br\/news\/wp-content\/uploads\/sites\/2\/2019\/11\/vila_arens-41-1200x800.jpg 1200w\" sizes=\"auto, (max-width: 500px) 100vw, 500px\" \/><\/a><p id=\"caption-attachment-41798\" class=\"wp-caption-text\">Uso da tecnologia em Jundia\u00ed ser\u00e1 tema de discuss\u00e3o em dois importantes encontros<\/p><\/div>\n<p>No pr\u00f3ximo dia 29, acontece o Semin\u00e1rio \u2018Desafios e Oportunidades para Estatais de TIC na Sociedade 5.0\u2019, em Ribeir\u00e3o Preto, com a participa\u00e7\u00e3o de outras grandes empresas do ramo do Brasil. J\u00e1 dia 5 de dezembro, a experi\u00eancia de Jundia\u00ed ser\u00e1 levada para um grande evento organizado pela Oracle, desta vez em Bras\u00edlia \u2013 o \u2018Transformation Day For Public Sector\u2019.<\/p>\n<p>O evento de Ribeir\u00e3o Preto est\u00e1 sendo organizado pela Companhia de Desenvolvimento Econ\u00f4mico e ser\u00e1 na Associa\u00e7\u00e3o Comercial e Industrial daquela cidade.\u00a0\u00a0O objetivo do semin\u00e1rio \u00e9 discutir os rumos da TIC, as estruturas necess\u00e1rias para os novos desafios em uma cidade inteligente e as oportunidades de estruturar novas parcerias estrat\u00e9gicas entre empresas p\u00fablicas e privadas abertas pela Lei das Estatais.<\/p>\n<p>Deve reunir dirigentes de empresas p\u00fablicas municipais e estaduais, empres\u00e1rios que oferecem solu\u00e7\u00f5es para o setor p\u00fablico, comunidade acad\u00eamica, colaboradores de empresas estatais, etc.\u00a0A abertura ser\u00e1 feita pelo prefeito de Ribeir\u00e3o Preto, Duarte Nogueira, seguida de palestras.<\/p>\n<p>Marquezi falar\u00e1 sobre o processo de \u2018Transforma\u00e7\u00e3o: Experi\u00eancia de algumas Estatais\u2019, junto com Carlos Andr\u00e9 de Maria de Arruda, presidente da Companhia de Processamento de Dados do Estado de S\u00e3o Paulo (PRODESP);\u00a0 Kleber Geraldino R. dos Santos, da Empresa Matogrossense de Tecnologia da Informa\u00e7\u00e3o (MTI) e Maur\u00edcio Jorge Freitas Superintendente Jur\u00eddico da Companhia de Saneamento B\u00e1sico do Estado de S\u00e3o Paulo (SABESP).<\/p>\n<p>\u00c0 tarde, ser\u00e1 a vez de pain\u00e9is com o professor de Inova\u00e7\u00e3o, Gil Giardelli, Aur\u00edlio S\u00e9rgio Caiado, diretor-presidente da Coderp e\u00a0 Fabr\u00edcio da Mota Alves, advogado e ex-assessor T\u00e9cnico no Senado Federal.<\/p>\n<p><strong>Em Bras\u00edlia<\/strong><br \/>\nNo \u2018Transformation Day For Public Sector\u2019 ser\u00e1 discutido os pr\u00f3ximos passos na inova\u00e7\u00e3o do setor p\u00fablico e quais os impactos da cultura organizacional na transforma\u00e7\u00e3o das empresas e \u00f3rg\u00e3os. Nesse evento, Marquezi tamb\u00e9m vai apresentar as solu\u00e7\u00f5es desenvolvidas em Jundia\u00ed, especialmente, os projetos em parceria com a Oracle, empresa mundial de tecnologia.<\/p>\n<p>\u201cNosso trabalho est\u00e1 se tornando refer\u00eancia e muitas cidades t\u00eam nos procurado para conhecer nossas solu\u00e7\u00f5es. A transforma\u00e7\u00e3o digital na administra\u00e7\u00e3o p\u00fablica, especialmente em Jundia\u00ed, tem um \u00fanico objetivo: melhorar a vida do cidad\u00e3o. Isso faz parte do plano de governo do prefeito Luiz Fernando Machado que estamos, desde 2017, colocando em pr\u00e1tica. O empoderamento das pessoas com a tecnologia garante maior responsabilidade com os gastos p\u00fablicos e efici\u00eancia ao servi\u00e7o prestado\u201d, finaliza Marquezi.<\/p>\n<p><em>(Prefeitura de Jundia\u00ed)<\/em><\/p>\n","protected":false},"excerpt":{"rendered":"<p>Presidente da Cijun vai mostrar a transforma\u00e7\u00e3o digital da cidade<\/p>\n","protected":false},"author":10,"featured_media":41798,"comment_status":"closed","ping_status":"closed","sticky":false,"template":"","format":"standard","meta":{"footnotes":""},"categories":[2834,2835],"tags":[],"class_list":["post-41796","post","type-post","status-publish","format-standard","has-post-thumbnail","hentry","category-cidades","category-tecnologia"],"_links":{"self":[{"href":"https:\/\/tvtecjundiai.com.br\/news\/wp-json\/wp\/v2\/posts\/41796","targetHints":{"allow":["GET"]}}],"collection":[{"href":"https:\/\/tvtecjundiai.com.br\/news\/wp-json\/wp\/v2\/posts"}],"about":[{"href":"https:\/\/tvtecjundiai.com.br\/news\/wp-json\/wp\/v2\/types\/post"}],"author":[{"embeddable":true,"href":"https:\/\/tvtecjundiai.com.br\/news\/wp-json\/wp\/v2\/users\/10"}],"replies":[{"embeddable":true,"href":"https:\/\/tvtecjundiai.com.br\/news\/wp-json\/wp\/v2\/comments?post=41796"}],"version-history":[{"count":2,"href":"https:\/\/tvtecjundiai.com.br\/news\/wp-json\/wp\/v2\/posts\/41796\/revisions"}],"predecessor-version":[{"id":41802,"href":"https:\/\/tvtecjundiai.com.br\/news\/wp-json\/wp\/v2\/posts\/41796\/revisions\/41802"}],"wp:featuredmedia":[{"embeddable":true,"href":"https:\/\/tvtecjundiai.com.br\/news\/wp-json\/wp\/v2\/media\/41798"}],"wp:attachment":[{"href":"https:\/\/tvtecjundiai.com.br\/news\/wp-json\/wp\/v2\/media?parent=41796"}],"wp:term":[{"taxonomy":"category","embeddable":true,"href":"https:\/\/tvtecjundiai.com.br\/news\/wp-json\/wp\/v2\/categories?post=41796"},{"taxonomy":"post_tag","embeddable":true,"href":"https:\/\/tvtecjundiai.com.br\/news\/wp-json\/wp\/v2\/tags?post=41796"}],"curies":[{"name":"wp","href":"https:\/\/api.w.org\/{rel}","templated":true}]}}