{"id":41861,"date":"2019-11-28T12:12:14","date_gmt":"2019-11-28T14:12:14","guid":{"rendered":"https:\/\/tvtecjundiai.com.br\/news\/?p=41861"},"modified":"2019-11-28T15:07:45","modified_gmt":"2019-11-28T17:07:45","slug":"projeto-guri-tem-vagas-para-cursos-de-musica-na-regiao-de-jundiai","status":"publish","type":"post","link":"https:\/\/tvtecjundiai.com.br\/news\/2019\/11\/28\/projeto-guri-tem-vagas-para-cursos-de-musica-na-regiao-de-jundiai\/","title":{"rendered":"Projeto Guri tem vagas para cursos de m\u00fasica na regi\u00e3o de Jundia\u00ed"},"content":{"rendered":"<p>O Projeto Guri est\u00e1 9.662 vagas dispon\u00edveis nos polos de ensino localizados no interior e litoral paulista. S\u00e3o mais de 30 op\u00e7\u00f5es de cursos gratuitos de m\u00fasica para crian\u00e7as e adolescentes na faixa et\u00e1ria entre 6 e 18 anos. Interessados podem se inscrever at\u00e9 6 de dezembro.<\/p>\n<div id=\"attachment_41863\" style=\"width: 510px\" class=\"wp-caption alignright\"><a href=\"https:\/\/tvtecjundiai.com.br\/news\/wp-content\/uploads\/sites\/2\/2019\/11\/20180118-guri.jpg\"><img loading=\"lazy\" decoding=\"async\" aria-describedby=\"caption-attachment-41863\" class=\"wp-image-41863\" src=\"https:\/\/tvtecjundiai.com.br\/news\/wp-content\/uploads\/sites\/2\/2019\/11\/20180118-guri.jpg\" alt=\"\" width=\"500\" height=\"334\" \/><\/a><p id=\"caption-attachment-41863\" class=\"wp-caption-text\">S\u00e3o mais de 30 op\u00e7\u00f5es de cursos gratuitos de m\u00fasica para crian\u00e7as e adolescentes<\/p><\/div>\n<p>O programa, que atende cerca de 50 mil alunos por ano, possui centros de educa\u00e7\u00e3o musical. Na regi\u00e3o de Jundia\u00ed s\u00e3o 1.856 vagas dispon\u00edveis nos polos de Agua\u00ed, \u00c1guas de Lindoia, Atibaia, Bragan\u00e7a Paulista, Cabre\u00fava, Campinas, Elias Fausto, Esp\u00edrito Santo do Pinhal, Estiva Gerbi, Indaiatuba, Iracem\u00e1polis, Monte Mor, Nova Odessa, Pedreira, Piracaia, Jundia\u00ed, Santa B\u00e1rbara d\u2019Oeste, Santo Ant\u00f4nio de Posse, Santo Ant\u00f4nio do Jardim, Serra Negra, Sumar\u00e9 e Vinhedo.<\/p>\n<p>Para realizar a matr\u00edcula \u00e9 necess\u00e1rio comparecer diretamente ao polo em que deseja estudar, acompanhado pelo respons\u00e1vel, portando certid\u00e3o nascimento ou RG (original e c\u00f3pia); comprovante de matr\u00edcula escolar e\/ou declara\u00e7\u00e3o de frequ\u00eancia escolar; RG do respons\u00e1vel (original e c\u00f3pia) e comprovante de endere\u00e7o para consulta.<\/p>\n<p>N\u00e3o \u00e9 preciso ter conhecimento pr\u00e9vio de m\u00fasica, nem possuir instrumento ou realizar testes seletivos. O in\u00edcio das aulas ocorre de acordo com a data de matr\u00edcula de cada aluno. Para realizar a matr\u00edcula \u00e9 necess\u00e1rio comparecer diretamente ao polo original e c\u00f3pia).<\/p>\n<p>Mais informa\u00e7\u00f5es pelo site <a href=\"http:\/\/www.projetoguri.org.br\/matr\u00edculas\">www.projetoguri.org.br\/matr\u00edculas<\/a>.<\/p>\n<p><em>(Fonte: Jornal de Jundia\u00ed. Imagem: Click Guarulhos)<\/em><\/p>\n","protected":false},"excerpt":{"rendered":"<p>S\u00e3o mais de 30 op\u00e7\u00f5es de cursos gratuitos de m\u00fasica para crian\u00e7as e adolescentes<\/p>\n","protected":false},"author":10,"featured_media":41863,"comment_status":"closed","ping_status":"closed","sticky":false,"template":"","format":"standard","meta":{"footnotes":""},"categories":[2832,29,1],"tags":[],"class_list":["post-41861","post","type-post","status-publish","format-standard","has-post-thumbnail","hentry","category-cursos","category-destaque","category-noticias"],"_links":{"self":[{"href":"https:\/\/tvtecjundiai.com.br\/news\/wp-json\/wp\/v2\/posts\/41861","targetHints":{"allow":["GET"]}}],"collection":[{"href":"https:\/\/tvtecjundiai.com.br\/news\/wp-json\/wp\/v2\/posts"}],"about":[{"href":"https:\/\/tvtecjundiai.com.br\/news\/wp-json\/wp\/v2\/types\/post"}],"author":[{"embeddable":true,"href":"https:\/\/tvtecjundiai.com.br\/news\/wp-json\/wp\/v2\/users\/10"}],"replies":[{"embeddable":true,"href":"https:\/\/tvtecjundiai.com.br\/news\/wp-json\/wp\/v2\/comments?post=41861"}],"version-history":[{"count":5,"href":"https:\/\/tvtecjundiai.com.br\/news\/wp-json\/wp\/v2\/posts\/41861\/revisions"}],"predecessor-version":[{"id":41868,"href":"https:\/\/tvtecjundiai.com.br\/news\/wp-json\/wp\/v2\/posts\/41861\/revisions\/41868"}],"wp:featuredmedia":[{"embeddable":true,"href":"https:\/\/tvtecjundiai.com.br\/news\/wp-json\/wp\/v2\/media\/41863"}],"wp:attachment":[{"href":"https:\/\/tvtecjundiai.com.br\/news\/wp-json\/wp\/v2\/media?parent=41861"}],"wp:term":[{"taxonomy":"category","embeddable":true,"href":"https:\/\/tvtecjundiai.com.br\/news\/wp-json\/wp\/v2\/categories?post=41861"},{"taxonomy":"post_tag","embeddable":true,"href":"https:\/\/tvtecjundiai.com.br\/news\/wp-json\/wp\/v2\/tags?post=41861"}],"curies":[{"name":"wp","href":"https:\/\/api.w.org\/{rel}","templated":true}]}}