{"id":41879,"date":"2019-11-28T13:16:35","date_gmt":"2019-11-28T15:16:35","guid":{"rendered":"https:\/\/tvtecjundiai.com.br\/news\/?p=41879"},"modified":"2019-11-28T14:57:47","modified_gmt":"2019-11-28T16:57:47","slug":"tres-novas-exposicoes-chegam-a-pinacoteca-de-jundiai-na-proxima-semana","status":"publish","type":"post","link":"https:\/\/tvtecjundiai.com.br\/news\/2019\/11\/28\/tres-novas-exposicoes-chegam-a-pinacoteca-de-jundiai-na-proxima-semana\/","title":{"rendered":"Tr\u00eas novas exposi\u00e7\u00f5es chegam \u00e0 Pinacoteca de Jundia\u00ed na pr\u00f3xima semana"},"content":{"rendered":"<p>A Pinacoteca Municipal Di\u00f3genes Duarte Paes recebe na pr\u00f3xima semana as aberturas de tr\u00eas novas exposi\u00e7\u00f5es: \u201cA Simplicidade das Coisas\u201d, de Ant\u00f4nio Thyrso, e \u201cEtnia Tropical\u201d, de VULGOXIS, que estreiam na quinta (05), \u00e0s 19h, e, \u201cOlhos da Alma\u201d, de Adelio Sarro, na sexta-feira (06), tamb\u00e9m \u00e0s 19h. Para a montagem das mostras, o local permanecer\u00e1 fechado entre s\u00e1bado (30) e a segunda (02), e voltar\u00e1 com suas atividades normais na ter\u00e7a-feira (03).<\/p>\n<div id=\"attachment_35393\" style=\"width: 628px\" class=\"wp-caption alignleft\"><a href=\"https:\/\/tvtecjundiai.com.br\/news\/wp-content\/uploads\/sites\/2\/2019\/07\/pinacoteca-3.jpg\"><img loading=\"lazy\" decoding=\"async\" aria-describedby=\"caption-attachment-35393\" class=\"wp-image-35393\" src=\"https:\/\/tvtecjundiai.com.br\/news\/wp-content\/uploads\/sites\/2\/2019\/07\/pinacoteca-3-300x209.jpg\" alt=\"\" width=\"618\" height=\"431\" srcset=\"https:\/\/tvtecjundiai.com.br\/news\/wp-content\/uploads\/sites\/2\/2019\/07\/pinacoteca-3-300x209.jpg 300w, https:\/\/tvtecjundiai.com.br\/news\/wp-content\/uploads\/sites\/2\/2019\/07\/pinacoteca-3-768x535.jpg 768w, https:\/\/tvtecjundiai.com.br\/news\/wp-content\/uploads\/sites\/2\/2019\/07\/pinacoteca-3-1200x835.jpg 1200w, https:\/\/tvtecjundiai.com.br\/news\/wp-content\/uploads\/sites\/2\/2019\/07\/pinacoteca-3.jpg 1280w\" sizes=\"auto, (max-width: 618px) 100vw, 618px\" \/><\/a><p id=\"caption-attachment-35393\" class=\"wp-caption-text\">Novas exposi\u00e7\u00f5es estreiam na Pinacoteca nos pr\u00f3ximos dias 05 e 06, \u00e0s 19h<\/p><\/div>\n<p><strong>Exposi\u00e7\u00f5es<\/strong><br \/>\nEm a \u201cA Simplicidade das Coisas\u201d, Ant\u00f4nio Thyrso transita, atrav\u00e9s da pintura, pelo universo \u00edntimo da casa, dos bichos de estima\u00e7\u00e3o e das paisagens. Por meio da leitura dos cl\u00e1ssicos da Filosofia, Arte, Sociologia e Psican\u00e1lise, o artista mistura o fazer art\u00edstico com uma constante busca por informa\u00e7\u00f5es e reflex\u00e3o, fazendo com que sua pintura desabroche como s\u00edntese dos sentimentos e do estar no mundo.<\/p>\n<p>J\u00e1 em \u201cEtnia Tropical\u201d, Tiago Arlindo da Silva, mais conhecido como VULGOXIS traz, nos tra\u00e7os delicados, cores vibrantes e t\u00e9cnicas do grafitti, a representa\u00e7\u00e3o de mulheres com caracter\u00edsticas bem brasileiras, s\u00edmbolos de luta e refer\u00eancia, como forma de lan\u00e7ar luz sobre o protagonismo por elas conquistado.<\/p>\n<p><strong>Jundia\u00ed 364 anos<\/strong><br \/>\nJ\u00e1 como parte da programa\u00e7\u00e3o do anivers\u00e1rio de\u00a0<a href=\"https:\/\/jundiai.sp.gov.br\/aniversario\/\">364 anos de Jundia\u00ed<\/a>, a Pinacoteca recebe na sexta-feira (06), \u00e0s 19h, a abertura de \u201cOlhos da Alma\u201d, de Adelio Sarro, exposi\u00e7\u00e3o inteiramente t\u00e1til, destinada a deficientes visuais e p\u00fablico em geral. Por meio de texturas, relevos e inser\u00e7\u00f5es em braile, a mostra apresenta 15 telas, dispostas lado a lado, com um caminho t\u00e1til para guia e condu\u00e7\u00e3o do visitante. Al\u00e9m disso, ao lado de cada obra, pequenas r\u00e9plicas da tela grande, com toda a composi\u00e7\u00e3o e detalhes citados em braile, facilitam a plena compreens\u00e3o do quadro grande a ser tocado em seguida.<\/p>\n<p>A Pinacoteca faz parte do Centro Jundiaiense de Cultura Josefina Rodrigues da Silva (Jorosil), que fica na rua Bar\u00e3o de Jundia\u00ed, 109, Centro. Mais informa\u00e7\u00f5es pelo telefone (11) 4586-2326.<\/p>\n<p><em>(Fonte\/Imagem: Prefeitura de Jundia\u00ed)<\/em><\/p>\n","protected":false},"excerpt":{"rendered":"<p>Estreias acontecem nos dias 05 e 06, \u00e0s 19 horas <\/p>\n","protected":false},"author":13,"featured_media":41882,"comment_status":"closed","ping_status":"closed","sticky":false,"template":"","format":"standard","meta":{"footnotes":""},"categories":[2834,2833,1],"tags":[518,5639],"class_list":["post-41879","post","type-post","status-publish","format-standard","has-post-thumbnail","hentry","category-cidades","category-cultura","category-noticias","tag-exposicoes","tag-pinacoteca-de-jundiai"],"_links":{"self":[{"href":"https:\/\/tvtecjundiai.com.br\/news\/wp-json\/wp\/v2\/posts\/41879","targetHints":{"allow":["GET"]}}],"collection":[{"href":"https:\/\/tvtecjundiai.com.br\/news\/wp-json\/wp\/v2\/posts"}],"about":[{"href":"https:\/\/tvtecjundiai.com.br\/news\/wp-json\/wp\/v2\/types\/post"}],"author":[{"embeddable":true,"href":"https:\/\/tvtecjundiai.com.br\/news\/wp-json\/wp\/v2\/users\/13"}],"replies":[{"embeddable":true,"href":"https:\/\/tvtecjundiai.com.br\/news\/wp-json\/wp\/v2\/comments?post=41879"}],"version-history":[{"count":2,"href":"https:\/\/tvtecjundiai.com.br\/news\/wp-json\/wp\/v2\/posts\/41879\/revisions"}],"predecessor-version":[{"id":41887,"href":"https:\/\/tvtecjundiai.com.br\/news\/wp-json\/wp\/v2\/posts\/41879\/revisions\/41887"}],"wp:featuredmedia":[{"embeddable":true,"href":"https:\/\/tvtecjundiai.com.br\/news\/wp-json\/wp\/v2\/media\/41882"}],"wp:attachment":[{"href":"https:\/\/tvtecjundiai.com.br\/news\/wp-json\/wp\/v2\/media?parent=41879"}],"wp:term":[{"taxonomy":"category","embeddable":true,"href":"https:\/\/tvtecjundiai.com.br\/news\/wp-json\/wp\/v2\/categories?post=41879"},{"taxonomy":"post_tag","embeddable":true,"href":"https:\/\/tvtecjundiai.com.br\/news\/wp-json\/wp\/v2\/tags?post=41879"}],"curies":[{"name":"wp","href":"https:\/\/api.w.org\/{rel}","templated":true}]}}