{"id":41903,"date":"2019-11-28T17:25:54","date_gmt":"2019-11-28T19:25:54","guid":{"rendered":"https:\/\/tvtecjundiai.com.br\/news\/?p=41903"},"modified":"2019-11-28T18:20:08","modified_gmt":"2019-11-28T20:20:08","slug":"grupo-da-unicamp-faz-visita-a-serra-do-japi","status":"publish","type":"post","link":"https:\/\/tvtecjundiai.com.br\/news\/2019\/11\/28\/grupo-da-unicamp-faz-visita-a-serra-do-japi\/","title":{"rendered":"Grupo da Unicamp faz visita \u00e0 Serra do Japi"},"content":{"rendered":"<p>Pesquisadores, funcion\u00e1rios e alunos do Instituto de Biologia da Universidade de Campinas (Unicamp) visitaram nessa quarta-feira (27) a Reserva Biol\u00f3gica da Serra do Japi. Eles atuam no Centro Pluridisciplinar de Pesquisas Qu\u00edmicas, Biol\u00f3gicas e Agr\u00edcolas (CPQBA), ligado ao instituto, e ficam sediados em Paul\u00ednia.<\/p>\n<div id=\"attachment_239969\" style=\"width: 435px\" class=\"wp-caption alignright\"><img loading=\"lazy\" decoding=\"async\" aria-describedby=\"caption-attachment-239969\" class=\"wp-image-239969\" src=\"https:\/\/jundiai.sp.gov.br\/noticias\/wp-content\/uploads\/sites\/32\/2019\/11\/unicamp_serradojapi.jpeg\" sizes=\"auto, (max-width: 1152px) 100vw, 1152px\" srcset=\"https:\/\/jundiai.sp.gov.br\/noticias\/wp-content\/uploads\/sites\/32\/2019\/11\/unicamp_serradojapi.jpeg 1152w, https:\/\/jundiai.sp.gov.br\/noticias\/wp-content\/uploads\/sites\/32\/2019\/11\/unicamp_serradojapi-300x169.jpeg 300w, https:\/\/jundiai.sp.gov.br\/noticias\/wp-content\/uploads\/sites\/32\/2019\/11\/unicamp_serradojapi-768x432.jpeg 768w\" alt=\"Professores, alunos e pesquisadores fizeram visita t\u00e9cnica \u00e0 Serra do Japi no dia 27\" width=\"425\" height=\"239\" aria-describedby=\"caption-attachment-239969\" \/><p id=\"caption-attachment-239969\" class=\"wp-caption-text\">Professores, alunos e pesquisadores fizeram visita t\u00e9cnica \u00e0 Serra do Japi nesta quarta (27)<\/p><\/div>\n<p>Vinte e oito pessoas marcaram presen\u00e7a nesta visita t\u00e9cnica \u00e0 Serra do Japi. Elas \u2013 que trabalham com Microbiologia e pesquisa de novos produtos para inova\u00e7\u00f5es farmac\u00eauticas e alimentares \u2013 tamb\u00e9m acompanharam de perto o patrulhamento e o monitoramento feito na Reserva Biol\u00f3gica da serra.<\/p>\n<p>\u201cA presen\u00e7a destes professores, cientistas e alunos na Serra do Japi abre novos campos de pesquisa voltados \u00e0 preserva\u00e7\u00e3o, ao uso sustent\u00e1vel dos nossos recursos naturais e \u00e0 educa\u00e7\u00e3o ambiental para quem n\u00e3o conhece a serra e sua riqueza de fauna e flora\u201d, destacou a superintendente da Funda\u00e7\u00e3o Serra do Japi, V\u00e2nia Plaza Nunes. \u201cVisitas t\u00e9cnicas como essa s\u00e3o feitas em uma \u00e1rea pequena, pois temos todo o cuidado em evitar qualquer dano ou perturba\u00e7\u00e3o ao meio ambiente\u201d, completou.<\/p>\n<p><em>(Fonte e Imagem: Prefeitura de Jundia\u00ed)<\/em><\/p>\n","protected":false},"excerpt":{"rendered":"<p>Presen\u00e7a amplia pesquisa em preserva\u00e7\u00e3o, uso sustent\u00e1vel e educa\u00e7\u00e3o ambiental  <\/p>\n","protected":false},"author":8,"featured_media":41906,"comment_status":"closed","ping_status":"closed","sticky":false,"template":"","format":"standard","meta":{"footnotes":""},"categories":[2834,3569,1],"tags":[2139,1029],"class_list":["post-41903","post","type-post","status-publish","format-standard","has-post-thumbnail","hentry","category-cidades","category-meio-ambiente","category-noticias","tag-fundacao-serra-do-japi","tag-unicamp"],"_links":{"self":[{"href":"https:\/\/tvtecjundiai.com.br\/news\/wp-json\/wp\/v2\/posts\/41903","targetHints":{"allow":["GET"]}}],"collection":[{"href":"https:\/\/tvtecjundiai.com.br\/news\/wp-json\/wp\/v2\/posts"}],"about":[{"href":"https:\/\/tvtecjundiai.com.br\/news\/wp-json\/wp\/v2\/types\/post"}],"author":[{"embeddable":true,"href":"https:\/\/tvtecjundiai.com.br\/news\/wp-json\/wp\/v2\/users\/8"}],"replies":[{"embeddable":true,"href":"https:\/\/tvtecjundiai.com.br\/news\/wp-json\/wp\/v2\/comments?post=41903"}],"version-history":[{"count":2,"href":"https:\/\/tvtecjundiai.com.br\/news\/wp-json\/wp\/v2\/posts\/41903\/revisions"}],"predecessor-version":[{"id":41916,"href":"https:\/\/tvtecjundiai.com.br\/news\/wp-json\/wp\/v2\/posts\/41903\/revisions\/41916"}],"wp:featuredmedia":[{"embeddable":true,"href":"https:\/\/tvtecjundiai.com.br\/news\/wp-json\/wp\/v2\/media\/41906"}],"wp:attachment":[{"href":"https:\/\/tvtecjundiai.com.br\/news\/wp-json\/wp\/v2\/media?parent=41903"}],"wp:term":[{"taxonomy":"category","embeddable":true,"href":"https:\/\/tvtecjundiai.com.br\/news\/wp-json\/wp\/v2\/categories?post=41903"},{"taxonomy":"post_tag","embeddable":true,"href":"https:\/\/tvtecjundiai.com.br\/news\/wp-json\/wp\/v2\/tags?post=41903"}],"curies":[{"name":"wp","href":"https:\/\/api.w.org\/{rel}","templated":true}]}}