{"id":42028,"date":"2019-11-29T18:13:28","date_gmt":"2019-11-29T20:13:28","guid":{"rendered":"https:\/\/tvtecjundiai.com.br\/news\/?p=42028"},"modified":"2019-11-29T18:14:50","modified_gmt":"2019-11-29T20:14:50","slug":"no-brasil-135-mil-pessoas-nao-sabem-que-tem-o-hiv","status":"publish","type":"post","link":"https:\/\/tvtecjundiai.com.br\/news\/2019\/11\/29\/no-brasil-135-mil-pessoas-nao-sabem-que-tem-o-hiv\/","title":{"rendered":"No Brasil, 135 mil pessoas n\u00e3o sabem que t\u00eam o HIV"},"content":{"rendered":"<div class=\"mc-column content-text active-extra-styles \" data-block-type=\"unstyled\" data-block-weight=\"71\" data-block-id=\"2\">\n<p class=\"content-text__container \" data-track-category=\"Link no Texto\" data-track-links=\"\">O Minist\u00e9rio da Sa\u00fade estima que\u00a0135 mil\u00a0pessoas vivem com HIV no Brasil e n\u00e3o sabem. Com base nessa estimativa, a campanha lan\u00e7ada em alus\u00e3o ao\u00a0<a href=\"https:\/\/g1.globo.com\/ciencia-e-saude\/noticia\/2018\/12\/01\/dia-mundial-de-luta-contra-a-aids-oito-mitos-sobre-o-hiv-que-foram-derrubados.ghtml\">Dia Mundial de Luta Contra a Aids\u00a0<\/a>quer incentivar as pessoas que se colocaram em risco a procurar uma unidade de sa\u00fade para realizar o teste r\u00e1pido. Considerando o per\u00edodo entre 1980 e junho de 2019 foram detectados 966.058 casos de Aids no pa\u00eds.<\/p>\n<div id=\"attachment_42031\" style=\"width: 367px\" class=\"wp-caption alignright\"><a href=\"https:\/\/tvtecjundiai.com.br\/news\/wp-content\/uploads\/sites\/2\/2019\/11\/teste-aids-1.jpg\"><img loading=\"lazy\" decoding=\"async\" aria-describedby=\"caption-attachment-42031\" class=\"wp-image-42031 \" src=\"https:\/\/tvtecjundiai.com.br\/news\/wp-content\/uploads\/sites\/2\/2019\/11\/teste-aids-1-300x169.jpg\" alt=\"\" width=\"357\" height=\"201\" srcset=\"https:\/\/tvtecjundiai.com.br\/news\/wp-content\/uploads\/sites\/2\/2019\/11\/teste-aids-1-300x169.jpg 300w, https:\/\/tvtecjundiai.com.br\/news\/wp-content\/uploads\/sites\/2\/2019\/11\/teste-aids-1-768x432.jpg 768w, https:\/\/tvtecjundiai.com.br\/news\/wp-content\/uploads\/sites\/2\/2019\/11\/teste-aids-1.jpg 1000w\" sizes=\"auto, (max-width: 357px) 100vw, 357px\" \/><\/a><p id=\"caption-attachment-42031\" class=\"wp-caption-text\">Teste r\u00e1pido de s\u00edfilis, HIV e hepatites<\/p><\/div>\n<\/div>\n<div class=\"wall protected-content\">\n<div class=\"mc-column content-text active-extra-styles \" data-block-type=\"unstyled\" data-block-weight=\"38\" data-block-id=\"3\">\n<p class=\"content-text__container \" data-track-category=\"Link no Texto\" data-track-links=\"\">Segundo o diretor do departamento de doen\u00e7as cr\u00f4nicas e infec\u00e7\u00f5es sexualmente transmiss\u00edveis, Gerson Pereira, o pa\u00eds adotou a recomenda\u00e7\u00e3o do in\u00edcio do tratamento para todas as pessoas ap\u00f3s o diagn\u00f3stico de HIV, independente da condi\u00e7\u00e3o cl\u00ednica do paciente.<\/p>\n<p data-track-category=\"Link no Texto\" data-track-links=\"\">\u201cOs \u00faltimos dados mostram que a pessoa diagnosticada com HIV tem praticamente o mesmo tempo de vida que uma pessoa que n\u00e3o vive com o v\u00edrus&#8221;, afirmou.<\/p>\n<div class=\"mc-column content-text active-extra-styles \" data-block-type=\"unstyled\" data-block-weight=\"32\" data-block-id=\"8\">\n<p class=\"content-text__container \" data-track-category=\"Link no Texto\" data-track-links=\"\">Por causa do tratamento mais acess\u00edvel, o governo informou ainda que os casos de Aids reduziram em 13,6% entre 2014 e 2018. O \u00edndice equivale a 12,3 mil casos evitados da doen\u00e7a.<\/p>\n<\/div>\n<div class=\"mc-column content-text active-extra-styles \" data-block-type=\"unstyled\" data-block-weight=\"57\" data-block-id=\"9\">\n<p class=\"content-text__container \" data-track-category=\"Link no Texto\" data-track-links=\"\">J\u00e1 a mortalidade por Aids caiu em 22,8%, nesse mesmo per\u00edodo, evitando 2,5 mil \u00f3bitos. Segundo o Minist\u00e9rio da Sa\u00fade, quando um paciente infectado com o v\u00edrus HIV recebe o tratamento adequado, sua carga viral pode chegar a ser indetect\u00e1vel. Quando isso acontece, considera-se que n\u00e3o existe uma quantidade suficiente do v\u00edrus para que ele seja transmiss\u00edvel.<\/p>\n<div class=\"mc-column content-text active-extra-styles\" data-block-type=\"raw\" data-block-weight=\"1\" data-block-id=\"12\">\n<div class=\"content-intertitle\">\n<p><strong>Campanha<\/strong><\/p>\n<\/div>\n<\/div>\n<div class=\"mc-column content-text active-extra-styles \" data-block-type=\"unstyled\" data-block-weight=\"59\" data-block-id=\"13\">\n<p class=\"content-text__container \" data-track-category=\"Link no Texto\" data-track-links=\"\">Nesta sexta-feira (28), o Minist\u00e9rio da Sa\u00fade lan\u00e7ou uma campanha que celebra as conquistas dos 31 anos do Dia Mundial de Luta Contra a Aids. Com o slogan \u201c<strong>HIV\/AIDS. Se a d\u00favida acaba, a vida continua<\/strong>\u201d, a a\u00e7\u00e3o quer mudar, na popula\u00e7\u00e3o jovem brasileira, a atitude e a percep\u00e7\u00e3o da import\u00e2ncia da preven\u00e7\u00e3o, teste e tratamento contra o HIV.<\/p>\n<\/div>\n<div class=\"mc-column content-text active-extra-styles \" data-block-type=\"unstyled\" data-block-weight=\"39\" data-block-id=\"14\">\n<p class=\"content-text__container \" data-track-category=\"Link no Texto\" data-track-links=\"\">A pe\u00e7a informa que, caso o teste de HIV d\u00ea positivo, com o tratamento adequado, o v\u00edrus pode ficar indetect\u00e1vel e a pessoa n\u00e3o desenvolve a doen\u00e7a. Todo o tratamento contra HIV e AIDS \u00e9 oferecido pelo SUS, gratuitamente.<\/p>\n<\/div>\n<div class=\"mc-column content-text active-extra-styles \" data-block-type=\"unstyled\" data-block-weight=\"24\" data-block-id=\"15\">\n<p class=\"content-text__container \" data-track-category=\"Link no Texto\" data-track-links=\"\">A campanha tem filme para TV, pe\u00e7as de m\u00eddia exterior como outdoor social, pe\u00e7as para internet e redes sociais, cartazes e spot para r\u00e1dio.<\/p>\n<\/div>\n<div class=\"mc-column content-text active-extra-styles \" data-block-type=\"unstyled\" data-block-weight=\"46\" data-block-id=\"16\">\n<p class=\"content-text__container \" data-track-category=\"Link no Texto\" data-track-links=\"\">At\u00e9 dezembro de 2019, a previs\u00e3o \u00e9 distribuir 462 milh\u00f5es de preservativos masculinos, e 7,3 milh\u00f5es de unidades de preservativos femininos. At\u00e9 o final de dezembro, est\u00e1 previsto a finaliza\u00e7\u00e3o da entrega de 12,1 milh\u00f5es de testes r\u00e1pidos de HIV, para diagn\u00f3stico de pessoas infectadas.<\/p>\n<\/div>\n<div class=\"mc-column content-text active-extra-styles \" data-block-type=\"unstyled\" data-block-weight=\"35\" data-block-id=\"17\">\n<p class=\"content-text__container \" data-track-category=\"Link no Texto\" data-track-links=\"\">Segundo o ministro da sa\u00fade Luiz Henrique Mandetta, a campanha \u00e9 para vencer desafios. \u201cO maior desafio ainda \u00e9 o medo\u201d, afirma o ministro sobre o receio de muitos ao fazer o teste de HIV.<\/p>\n<\/div>\n<div class=\"content-ads content-ads--reveal\" data-block-type=\"ads\" data-block-id=\"18\">\n<div id=\"banner_materia__59518f46-cf01-4321-9aed-a43f29db6b65\" class=\"tag-manager-publicidade-container mc-has-reveal mc-has-ad-lazyload tag-manager-publicidade-banner_materia__59518f46-cf01-4321-9aed-a43f29db6b65 tag-manager-publicidade-container--carregado tag-manager-publicidade-container--visivel\" data-id=\"banner_materia__59518f46-cf01-4321-9aed-a43f29db6b65\" data-google-query-id=\"CM7h59abkOYCFSfI4wcdl8UJHA\" data-cid=\"138294550045\" data-lid=\"5222125327\">\n<div class=\"mc-column content-text active-extra-styles\" data-block-type=\"raw\" data-block-weight=\"2\" data-block-id=\"20\">\n<div class=\"content-intertitle\">\n<p><strong>Transmiss\u00e3o vertical<\/strong><\/p>\n<\/div>\n<\/div>\n<div class=\"mc-column content-text active-extra-styles \" data-block-type=\"unstyled\" data-block-weight=\"43\" data-block-id=\"21\">\n<p class=\"content-text__container \" data-track-category=\"Link no Texto\" data-track-links=\"\">No Brasil, entre os anos 2000 e 2019 foram notificadas 125.144 gestantes infectadas com HIV. A transmiss\u00e3o vertical do HIV ocorre quando a gestante que possui o v\u00edrus transmite o HIV para o beb\u00ea durante a gesta\u00e7\u00e3o, o parto ou a amamenta\u00e7\u00e3o.<\/p>\n<\/div>\n<div class=\"mc-column content-text active-extra-styles \" data-block-type=\"unstyled\" data-block-weight=\"23\" data-block-id=\"22\">\n<p class=\"content-text__container \" data-track-category=\"Link no Texto\" data-track-links=\"\">Segundo o minist\u00e9rio, o maior n\u00famero de mulheres gr\u00e1vidas que possuem o v\u00edrus est\u00e1 entre jovens de 20 a 24 anos (27,8%).<\/p>\n<\/div>\n<div class=\"mc-column content-text active-extra-styles \" data-block-type=\"unstyled\" data-block-weight=\"43\" data-block-id=\"23\">\n<p class=\"content-text__container \" data-track-category=\"Link no Texto\" data-track-links=\"\">O Brasil \u00e9 signat\u00e1rio do compromisso mundial de eliminar a transmiss\u00e3o do HIV de m\u00e3e para filho. Tr\u00eas munic\u00edpios brasileiros receberam o Certificado de Elimina\u00e7\u00e3o da Transmiss\u00e3o Vertical de HIV: no Paran\u00e1, Curitiba e Umuarama receberam a certifica\u00e7\u00e3o em 2017 e 2019.<\/p>\n<\/div>\n<div class=\"content-ads content-ads--reveal\" data-block-type=\"ads\" data-block-id=\"24\">\n<div id=\"banner_materia__3a4f8eaf-f27b-4d95-84c2-c61b3825ecc6\" class=\"tag-manager-publicidade-container mc-has-reveal mc-has-ad-lazyload tag-manager-publicidade-banner_materia__3a4f8eaf-f27b-4d95-84c2-c61b3825ecc6 tag-manager-publicidade-container--carregado tag-manager-publicidade-container--visivel\" data-id=\"banner_materia__3a4f8eaf-f27b-4d95-84c2-c61b3825ecc6\" data-google-query-id=\"CMGe8vybkOYCFQRmwQodG3gAWw\" data-cid=\"138294550045\" data-lid=\"5222125327\">\n<div id=\"google_ads_iframe_\/95377733\/tvg_G1\/Bem_Estar_6__container__\">A previs\u00e3o \u00e9 que S\u00e3o Paulo receba o t\u00edtulo na pr\u00f3xima ter\u00e7a-feira (3). A certifica\u00e7\u00e3o possibilita a verifica\u00e7\u00e3o da qualidade da assist\u00eancia ao pr\u00e9-natal, do parto, puerp\u00e9rio e acompanhamento da crian\u00e7a e do fortalecimento das interven\u00e7\u00f5es preventivas.<\/div>\n<\/div>\n<div><\/div>\n<div><em>(Fonte e imagem: Bem-Estar\/G1)<\/em><\/div>\n<\/div>\n<\/div>\n<\/div>\n<\/div>\n<\/div>\n<\/div>\n","protected":false},"excerpt":{"rendered":"<p>Ainda assim, Sa\u00fade estima queda de 13,6% no n\u00famero de casos de 2014 a 2018<\/p>\n","protected":false},"author":8,"featured_media":42030,"comment_status":"closed","ping_status":"closed","sticky":false,"template":"","format":"standard","meta":{"footnotes":""},"categories":[29,1,5860],"tags":[1707],"class_list":["post-42028","post","type-post","status-publish","format-standard","has-post-thumbnail","hentry","category-destaque","category-noticias","category-saneamento","tag-dia-mundial-de-luta-contra-a-aids"],"_links":{"self":[{"href":"https:\/\/tvtecjundiai.com.br\/news\/wp-json\/wp\/v2\/posts\/42028","targetHints":{"allow":["GET"]}}],"collection":[{"href":"https:\/\/tvtecjundiai.com.br\/news\/wp-json\/wp\/v2\/posts"}],"about":[{"href":"https:\/\/tvtecjundiai.com.br\/news\/wp-json\/wp\/v2\/types\/post"}],"author":[{"embeddable":true,"href":"https:\/\/tvtecjundiai.com.br\/news\/wp-json\/wp\/v2\/users\/8"}],"replies":[{"embeddable":true,"href":"https:\/\/tvtecjundiai.com.br\/news\/wp-json\/wp\/v2\/comments?post=42028"}],"version-history":[{"count":3,"href":"https:\/\/tvtecjundiai.com.br\/news\/wp-json\/wp\/v2\/posts\/42028\/revisions"}],"predecessor-version":[{"id":42034,"href":"https:\/\/tvtecjundiai.com.br\/news\/wp-json\/wp\/v2\/posts\/42028\/revisions\/42034"}],"wp:featuredmedia":[{"embeddable":true,"href":"https:\/\/tvtecjundiai.com.br\/news\/wp-json\/wp\/v2\/media\/42030"}],"wp:attachment":[{"href":"https:\/\/tvtecjundiai.com.br\/news\/wp-json\/wp\/v2\/media?parent=42028"}],"wp:term":[{"taxonomy":"category","embeddable":true,"href":"https:\/\/tvtecjundiai.com.br\/news\/wp-json\/wp\/v2\/categories?post=42028"},{"taxonomy":"post_tag","embeddable":true,"href":"https:\/\/tvtecjundiai.com.br\/news\/wp-json\/wp\/v2\/tags?post=42028"}],"curies":[{"name":"wp","href":"https:\/\/api.w.org\/{rel}","templated":true}]}}