{"id":42183,"date":"2019-12-04T15:26:15","date_gmt":"2019-12-04T17:26:15","guid":{"rendered":"https:\/\/tvtecjundiai.com.br\/news\/?p=42183"},"modified":"2019-12-04T15:26:15","modified_gmt":"2019-12-04T17:26:15","slug":"jundiai-recebe-4a-edicao-do-festival-come-o-que-neste-domingo-8","status":"publish","type":"post","link":"https:\/\/tvtecjundiai.com.br\/news\/2019\/12\/04\/jundiai-recebe-4a-edicao-do-festival-come-o-que-neste-domingo-8\/","title":{"rendered":"Jundia\u00ed recebe 4\u00aa edi\u00e7\u00e3o do Festival &#8216;Come O Qu\u00ea&#8217; neste domingo (8)"},"content":{"rendered":"<div id=\"attachment_42196\" style=\"width: 471px\" class=\"wp-caption alignright\"><a href=\"https:\/\/tvtecjundiai.com.br\/news\/wp-content\/uploads\/sites\/2\/2019\/12\/77113559_2536678583228681_2299725085998579712_o.jpg\"><img loading=\"lazy\" decoding=\"async\" aria-describedby=\"caption-attachment-42196\" class=\"wp-image-42196\" src=\"https:\/\/tvtecjundiai.com.br\/news\/wp-content\/uploads\/sites\/2\/2019\/12\/77113559_2536678583228681_2299725085998579712_o-300x160.jpg\" alt=\"\" width=\"461\" height=\"246\" srcset=\"https:\/\/tvtecjundiai.com.br\/news\/wp-content\/uploads\/sites\/2\/2019\/12\/77113559_2536678583228681_2299725085998579712_o-300x160.jpg 300w, https:\/\/tvtecjundiai.com.br\/news\/wp-content\/uploads\/sites\/2\/2019\/12\/77113559_2536678583228681_2299725085998579712_o-768x409.jpg 768w, https:\/\/tvtecjundiai.com.br\/news\/wp-content\/uploads\/sites\/2\/2019\/12\/77113559_2536678583228681_2299725085998579712_o.jpg 960w\" sizes=\"auto, (max-width: 461px) 100vw, 461px\" \/><\/a><p id=\"caption-attachment-42196\" class=\"wp-caption-text\">Evento tem entrada gratuita a partir das 9 horas<\/p><\/div>\n<p>O Clube S\u00e3o Jo\u00e3o recebe no pr\u00f3ximo domingo (8), a partir das 9 horas,\u00a0 a 4\u00aa edi\u00e7\u00e3o do Festival &#8220;Come O Qu\u00ea&#8221; que conta com Aul\u00e3o de Yoga, Medita\u00e7\u00e3o e Tai Chi, al\u00e9m disso, ter\u00e1 feira gastron\u00f4mica, artesanato, cosm\u00e9ticos, produtos e moda sustent\u00e1veis.<\/p>\n<p>Com entrada gratuita, o evento ainda ter\u00e1 espa\u00e7o para crian\u00e7as e outras atividades gratuitas. A organiza\u00e7\u00e3o pede a doa\u00e7\u00e3o solid\u00e1ria de 1 kg de ra\u00e7\u00e3o. Lembrando que n\u00e3o \u00e9 permitida a entrada de animais.<\/p>\n<p><em>(Fonte\/Imagem: Divulga\u00e7\u00e3o)<\/em><\/p>\n","protected":false},"excerpt":{"rendered":"<p>Evento tem entrada gratuita a partir das 9 horas<\/p>\n","protected":false},"author":13,"featured_media":42198,"comment_status":"closed","ping_status":"closed","sticky":false,"template":"","format":"standard","meta":{"footnotes":""},"categories":[1],"tags":[],"class_list":["post-42183","post","type-post","status-publish","format-standard","has-post-thumbnail","hentry","category-noticias"],"_links":{"self":[{"href":"https:\/\/tvtecjundiai.com.br\/news\/wp-json\/wp\/v2\/posts\/42183","targetHints":{"allow":["GET"]}}],"collection":[{"href":"https:\/\/tvtecjundiai.com.br\/news\/wp-json\/wp\/v2\/posts"}],"about":[{"href":"https:\/\/tvtecjundiai.com.br\/news\/wp-json\/wp\/v2\/types\/post"}],"author":[{"embeddable":true,"href":"https:\/\/tvtecjundiai.com.br\/news\/wp-json\/wp\/v2\/users\/13"}],"replies":[{"embeddable":true,"href":"https:\/\/tvtecjundiai.com.br\/news\/wp-json\/wp\/v2\/comments?post=42183"}],"version-history":[{"count":3,"href":"https:\/\/tvtecjundiai.com.br\/news\/wp-json\/wp\/v2\/posts\/42183\/revisions"}],"predecessor-version":[{"id":42199,"href":"https:\/\/tvtecjundiai.com.br\/news\/wp-json\/wp\/v2\/posts\/42183\/revisions\/42199"}],"wp:featuredmedia":[{"embeddable":true,"href":"https:\/\/tvtecjundiai.com.br\/news\/wp-json\/wp\/v2\/media\/42198"}],"wp:attachment":[{"href":"https:\/\/tvtecjundiai.com.br\/news\/wp-json\/wp\/v2\/media?parent=42183"}],"wp:term":[{"taxonomy":"category","embeddable":true,"href":"https:\/\/tvtecjundiai.com.br\/news\/wp-json\/wp\/v2\/categories?post=42183"},{"taxonomy":"post_tag","embeddable":true,"href":"https:\/\/tvtecjundiai.com.br\/news\/wp-json\/wp\/v2\/tags?post=42183"}],"curies":[{"name":"wp","href":"https:\/\/api.w.org\/{rel}","templated":true}]}}