{"id":42230,"date":"2019-12-04T17:48:53","date_gmt":"2019-12-04T19:48:53","guid":{"rendered":"https:\/\/tvtecjundiai.com.br\/news\/?p=42230"},"modified":"2019-12-04T18:04:30","modified_gmt":"2019-12-04T20:04:30","slug":"pa-central-de-jundiai-conta-com-painel-eletronico-para-atendimento-1","status":"publish","type":"post","link":"https:\/\/tvtecjundiai.com.br\/news\/2019\/12\/04\/pa-central-de-jundiai-conta-com-painel-eletronico-para-atendimento-1\/","title":{"rendered":"PA Central de Jundia\u00ed conta com painel eletr\u00f4nico para atendimento"},"content":{"rendered":"<div id=\"attachment_42231\" style=\"width: 360px\" class=\"wp-caption alignleft\"><img loading=\"lazy\" decoding=\"async\" aria-describedby=\"caption-attachment-42231\" class=\"wp-image-42231\" src=\"https:\/\/tvtecjundiai.com.br\/news\/wp-content\/uploads\/sites\/2\/2019\/12\/Painel-eletr\u00f4nico-\u00e9-instalado-no-PA-Central-para-atendimento-aos-pacientes-300x293.jpg\" alt=\"\" width=\"350\" height=\"342\" srcset=\"https:\/\/tvtecjundiai.com.br\/news\/wp-content\/uploads\/sites\/2\/2019\/12\/Painel-eletr\u00f4nico-\u00e9-instalado-no-PA-Central-para-atendimento-aos-pacientes-300x293.jpg 300w, https:\/\/tvtecjundiai.com.br\/news\/wp-content\/uploads\/sites\/2\/2019\/12\/Painel-eletr\u00f4nico-\u00e9-instalado-no-PA-Central-para-atendimento-aos-pacientes-768x750.jpg 768w, https:\/\/tvtecjundiai.com.br\/news\/wp-content\/uploads\/sites\/2\/2019\/12\/Painel-eletr\u00f4nico-\u00e9-instalado-no-PA-Central-para-atendimento-aos-pacientes-983x960.jpg 983w, https:\/\/tvtecjundiai.com.br\/news\/wp-content\/uploads\/sites\/2\/2019\/12\/Painel-eletr\u00f4nico-\u00e9-instalado-no-PA-Central-para-atendimento-aos-pacientes.jpg 1286w\" sizes=\"auto, (max-width: 350px) 100vw, 350px\" \/><p id=\"caption-attachment-42231\" class=\"wp-caption-text\">Ao todo, seis pain\u00e9is foram instalados<\/p><\/div>\n<p>Como parte de uma s\u00e9rie de melhorias que est\u00e3o sendo implantadas no Pronto Atendimento Central (PA-Central), foram instalados nesta quarta-feira (4) seis pain\u00e9is eletr\u00f4nicos para o atendimento aos pacientes. Os dispositivos est\u00e3o nas recep\u00e7\u00f5es e salas de espera. Desde o in\u00edcio do ano, a unidade \u00e9 administrada pelo Hospital de Caridade S\u00e3o Vicente de Paulo (HSV).<\/p>\n<p style=\"font-weight: 400;\">Por meio dos pain\u00e9is, os pacientes s\u00e3o chamados pelo nome e indica\u00e7\u00e3o de guich\u00ea ou consult\u00f3rio para o qual devem se dirigir. \u201cPermite um atendimento mais humanizado, no qual o paciente \u00e9 chamado pelo nome e n\u00e3o mais por uma senha. Desta forma \u00e9 poss\u00edvel minimizar o barulho e evitar que os pacientes n\u00e3o ou\u00e7am ao serem chamados\u201d, explica Ana Paula Sassar\u00e3o, supervisora administrativa do PA-Central.<\/p>\n<p style=\"font-weight: 400;\">O sistema permite que a partir de um programa de computador, a recep\u00e7\u00e3o e os m\u00e9dicos dentro do consult\u00f3rio, acionem os pacientes. A prioridade de atendimento aos casos mais cr\u00edticos se mant\u00e9m.<\/p>\n<p><em>(Fonte\/Imagem: Divulga\u00e7\u00e3o. Capa: Hospital S\u00e3o Vicente)<\/em><\/p>\n","protected":false},"excerpt":{"rendered":"<p>A unidade \u00e9 administrada pelo Hospital de Caridade S\u00e3o Vicente de Paulo (HSV).<\/p>\n","protected":false},"author":13,"featured_media":42234,"comment_status":"closed","ping_status":"closed","sticky":false,"template":"","format":"standard","meta":{"footnotes":""},"categories":[2834,2827,1],"tags":[2204,6128],"class_list":["post-42230","post","type-post","status-publish","format-standard","has-post-thumbnail","hentry","category-cidades","category-esportes-e-lazer","category-noticias","tag-hsv","tag-pa-central"],"_links":{"self":[{"href":"https:\/\/tvtecjundiai.com.br\/news\/wp-json\/wp\/v2\/posts\/42230","targetHints":{"allow":["GET"]}}],"collection":[{"href":"https:\/\/tvtecjundiai.com.br\/news\/wp-json\/wp\/v2\/posts"}],"about":[{"href":"https:\/\/tvtecjundiai.com.br\/news\/wp-json\/wp\/v2\/types\/post"}],"author":[{"embeddable":true,"href":"https:\/\/tvtecjundiai.com.br\/news\/wp-json\/wp\/v2\/users\/13"}],"replies":[{"embeddable":true,"href":"https:\/\/tvtecjundiai.com.br\/news\/wp-json\/wp\/v2\/comments?post=42230"}],"version-history":[{"count":4,"href":"https:\/\/tvtecjundiai.com.br\/news\/wp-json\/wp\/v2\/posts\/42230\/revisions"}],"predecessor-version":[{"id":42236,"href":"https:\/\/tvtecjundiai.com.br\/news\/wp-json\/wp\/v2\/posts\/42230\/revisions\/42236"}],"wp:featuredmedia":[{"embeddable":true,"href":"https:\/\/tvtecjundiai.com.br\/news\/wp-json\/wp\/v2\/media\/42234"}],"wp:attachment":[{"href":"https:\/\/tvtecjundiai.com.br\/news\/wp-json\/wp\/v2\/media?parent=42230"}],"wp:term":[{"taxonomy":"category","embeddable":true,"href":"https:\/\/tvtecjundiai.com.br\/news\/wp-json\/wp\/v2\/categories?post=42230"},{"taxonomy":"post_tag","embeddable":true,"href":"https:\/\/tvtecjundiai.com.br\/news\/wp-json\/wp\/v2\/tags?post=42230"}],"curies":[{"name":"wp","href":"https:\/\/api.w.org\/{rel}","templated":true}]}}