{"id":42242,"date":"2019-12-04T18:36:07","date_gmt":"2019-12-04T20:36:07","guid":{"rendered":"https:\/\/tvtecjundiai.com.br\/news\/?p=42242"},"modified":"2019-12-04T18:37:43","modified_gmt":"2019-12-04T20:37:43","slug":"comissao-aprova-prisao-para-os-pais-que-nao-vacinarem-os-filhos","status":"publish","type":"post","link":"https:\/\/tvtecjundiai.com.br\/news\/2019\/12\/04\/comissao-aprova-prisao-para-os-pais-que-nao-vacinarem-os-filhos\/","title":{"rendered":"Comiss\u00e3o aprova pris\u00e3o para os pais que n\u00e3o vacinarem os filhos"},"content":{"rendered":"<p>Comiss\u00e3o de Seguridade Social e Fam\u00edlia da C\u00e2mara dos Deputados aprovou, nesta quarta (4), o Projeto de Lei\u00a03842\/19, que tem como objetivo a deten\u00e7\u00e3o de 1 m\u00eas a 1 ano para os pais que deixarem de\u00a0vacinar\u00a0uma crian\u00e7a ou adolescente.\u00a0De acordo com o site da C\u00e2mara dos Deputados, a proposta ser\u00e1 adicionada ao C\u00f3digo Penal, como crime de \u201comiss\u00e3o e oposi\u00e7\u00e3o \u00e0 vacina\u00e7\u00e3o\u201d. A pessoa ser\u00e1 presa por omiss\u00e3o ou oposi\u00e7\u00e3o, sem fundamentos, \u00e0s\u00a0vacinas\u00a0previstas nos\u00a0programas de imuniza\u00e7\u00e3o\u00a0em crian\u00e7as ou adolescentes submetidos ao seu poder familiar, ou tutelado.<\/p>\n<div id=\"attachment_42245\" style=\"width: 460px\" class=\"wp-caption alignright\"><a href=\"https:\/\/tvtecjundiai.com.br\/news\/wp-content\/uploads\/sites\/2\/2019\/12\/1562373229-e1575491713455.jpeg\"><img loading=\"lazy\" decoding=\"async\" aria-describedby=\"caption-attachment-42245\" class=\"wp-image-42245\" src=\"https:\/\/tvtecjundiai.com.br\/news\/wp-content\/uploads\/sites\/2\/2019\/12\/1562373229-e1575491713455.jpeg\" alt=\"\" width=\"450\" height=\"229\" srcset=\"https:\/\/tvtecjundiai.com.br\/news\/wp-content\/uploads\/sites\/2\/2019\/12\/1562373229-e1575491713455.jpeg 886w, https:\/\/tvtecjundiai.com.br\/news\/wp-content\/uploads\/sites\/2\/2019\/12\/1562373229-e1575491713455-300x152.jpeg 300w, https:\/\/tvtecjundiai.com.br\/news\/wp-content\/uploads\/sites\/2\/2019\/12\/1562373229-e1575491713455-768x390.jpeg 768w\" sizes=\"auto, (max-width: 450px) 100vw, 450px\" \/><\/a><p id=\"caption-attachment-42245\" class=\"wp-caption-text\">A pena tamb\u00e9m vale para quem fizer divulga\u00e7\u00e3o de not\u00edcias falsas sobre\u00a0vacina\u00e7\u00e3o<\/p><\/div>\n<p>Al\u00e9m da pena e deten\u00e7\u00e3o de 1 m\u00eas a 1 ano, a pessoa ter\u00e1 que pagar uma multa. A pena tamb\u00e9m vale para quem fizer divulga\u00e7\u00e3o de not\u00edcias falsas sobre\u00a0vacina\u00e7\u00e3o. O projeto de lei ser\u00e1 analisado pela Comiss\u00e3o de Constitui\u00e7\u00e3o e Justi\u00e7a e Cidadania.<\/p>\n<p>\u201cAs crian\u00e7as s\u00e3o muito fr\u00e1geis e isso acontece porque o\u00a0sistema imunol\u00f3gico\u00a0ainda n\u00e3o est\u00e1 totalmente desenvolvido. Por isso, elas s\u00e3o mais suscet\u00edveis a doen\u00e7as infecciosas como\u00a0meningite meningoc\u00f3cica, catapora, sarampo, coqueluche e pneumonia\u201d, diz o doutor Jess\u00e9 Alves, infectologista e gerente m\u00e9dico de vacinas da GSK.<\/p>\n<p>Ainda de acordo com o doutor Jess\u00e9, os principais perigos de n\u00e3o\u00a0vacinar as crian\u00e7as\u00a0s\u00e3o as complica\u00e7\u00f5es graves que elas podem ter. \u201cO fato de n\u00e3o\u00a0vacinar\u00a0as crian\u00e7as faz com que elas fiquem desnecessariamente vulner\u00e1veis. As vacinas reduzem o risco de infec\u00e7\u00e3o, evitam o agravamento de doen\u00e7as, interna\u00e7\u00f5es e at\u00e9 mesmo \u00f3bito\u201d, diz o m\u00e9dico.<\/p>\n<p>Segundo a OMS, a vacina\u00e7\u00e3o evita cerca de 2 a 3 milh\u00f5es de mortes por ano. O\u00a0Minist\u00e9rio da Sa\u00fade\u00a0recomenda que as vacina\u00e7\u00f5es das crian\u00e7as sejam feitas de acordo com o Programa Nacional de Imuniza\u00e7\u00f5es.<\/p>\n<p><em>(Fonte: Uol. Imagem: Marcelo Camargo\/Ag\u00eancia Brasil)<\/em><\/p>\n","protected":false},"excerpt":{"rendered":"<p>A pena tamb\u00e9m vale para quem fizer divulga\u00e7\u00e3o de not\u00edcias falsas sobre\u00a0vacina\u00e7\u00e3o<\/p>\n","protected":false},"author":10,"featured_media":42245,"comment_status":"closed","ping_status":"closed","sticky":false,"template":"","format":"standard","meta":{"footnotes":""},"categories":[1,2839],"tags":[],"class_list":["post-42242","post","type-post","status-publish","format-standard","has-post-thumbnail","hentry","category-noticias","category-saude"],"_links":{"self":[{"href":"https:\/\/tvtecjundiai.com.br\/news\/wp-json\/wp\/v2\/posts\/42242","targetHints":{"allow":["GET"]}}],"collection":[{"href":"https:\/\/tvtecjundiai.com.br\/news\/wp-json\/wp\/v2\/posts"}],"about":[{"href":"https:\/\/tvtecjundiai.com.br\/news\/wp-json\/wp\/v2\/types\/post"}],"author":[{"embeddable":true,"href":"https:\/\/tvtecjundiai.com.br\/news\/wp-json\/wp\/v2\/users\/10"}],"replies":[{"embeddable":true,"href":"https:\/\/tvtecjundiai.com.br\/news\/wp-json\/wp\/v2\/comments?post=42242"}],"version-history":[{"count":3,"href":"https:\/\/tvtecjundiai.com.br\/news\/wp-json\/wp\/v2\/posts\/42242\/revisions"}],"predecessor-version":[{"id":42249,"href":"https:\/\/tvtecjundiai.com.br\/news\/wp-json\/wp\/v2\/posts\/42242\/revisions\/42249"}],"wp:featuredmedia":[{"embeddable":true,"href":"https:\/\/tvtecjundiai.com.br\/news\/wp-json\/wp\/v2\/media\/42245"}],"wp:attachment":[{"href":"https:\/\/tvtecjundiai.com.br\/news\/wp-json\/wp\/v2\/media?parent=42242"}],"wp:term":[{"taxonomy":"category","embeddable":true,"href":"https:\/\/tvtecjundiai.com.br\/news\/wp-json\/wp\/v2\/categories?post=42242"},{"taxonomy":"post_tag","embeddable":true,"href":"https:\/\/tvtecjundiai.com.br\/news\/wp-json\/wp\/v2\/tags?post=42242"}],"curies":[{"name":"wp","href":"https:\/\/api.w.org\/{rel}","templated":true}]}}