{"id":42307,"date":"2019-12-05T16:16:04","date_gmt":"2019-12-05T18:16:04","guid":{"rendered":"https:\/\/tvtecjundiai.com.br\/news\/?p=42307"},"modified":"2019-12-05T16:16:04","modified_gmt":"2019-12-05T18:16:04","slug":"pinacoteca-recebe-exposicao-para-deficientes-visuais","status":"publish","type":"post","link":"https:\/\/tvtecjundiai.com.br\/news\/2019\/12\/05\/pinacoteca-recebe-exposicao-para-deficientes-visuais\/","title":{"rendered":"Pinacoteca recebe exposi\u00e7\u00e3o para deficientes visuais"},"content":{"rendered":"<p>A Pinacoteca Di\u00f3genes Duarte Paes recebe nesta sexta-feira (06), \u00e0s 19h, como parte da\u00a0<a href=\"https:\/\/jundiai.sp.gov.br\/aniversario\/\">programa\u00e7\u00e3o especial em comemora\u00e7\u00e3o pelos 364 anos de Jundia\u00ed<\/a>, a abertura da exposi\u00e7\u00e3o \u201cOlhos da Alma\u201d, do artista pl\u00e1stico Adelio Sarro, com telas desenvolvidas para deficientes visuais.<\/p>\n<div id=\"attachment_42308\" style=\"width: 451px\" class=\"wp-caption alignleft\"><a href=\"https:\/\/tvtecjundiai.com.br\/news\/wp-content\/uploads\/sites\/2\/2019\/12\/adelio_sarro-967x960.jpg\"><img loading=\"lazy\" decoding=\"async\" aria-describedby=\"caption-attachment-42308\" class=\"wp-image-42308\" src=\"https:\/\/tvtecjundiai.com.br\/news\/wp-content\/uploads\/sites\/2\/2019\/12\/adelio_sarro-967x960-300x298.jpg\" alt=\"\" width=\"441\" height=\"438\" srcset=\"https:\/\/tvtecjundiai.com.br\/news\/wp-content\/uploads\/sites\/2\/2019\/12\/adelio_sarro-967x960-300x298.jpg 300w, https:\/\/tvtecjundiai.com.br\/news\/wp-content\/uploads\/sites\/2\/2019\/12\/adelio_sarro-967x960-100x100.jpg 100w, https:\/\/tvtecjundiai.com.br\/news\/wp-content\/uploads\/sites\/2\/2019\/12\/adelio_sarro-967x960-768x762.jpg 768w, https:\/\/tvtecjundiai.com.br\/news\/wp-content\/uploads\/sites\/2\/2019\/12\/adelio_sarro-967x960.jpg 967w\" sizes=\"auto, (max-width: 441px) 100vw, 441px\" \/><\/a><p id=\"caption-attachment-42308\" class=\"wp-caption-text\">Telas ficam dispostas em caminho t\u00e1til para guiar a condu\u00e7\u00e3o dos deficientes visuais visitantes<\/p><\/div>\n<p>Para a mostra, o artista, que j\u00e1 expos em diversos locais do pa\u00eds e da Europa, traz s\u00e9rie de quinze telas com composi\u00e7\u00f5es figurativas produzidas com relevos, contornos de formas e texturas diferenciadas. Ao lado das telas, dispostas em caminho t\u00e1til para guiar a condu\u00e7\u00e3o dos deficientes visuais visitantes, estar\u00e3o dispostas as explica\u00e7\u00f5es e leituras em braile, al\u00e9m da identifica\u00e7\u00e3o das cores via t\u00e1til.<\/p>\n<p>Para os visitantes que enxergam, estar\u00e3o dispon\u00edveis vendas de tecido preto, a fim de estender a viv\u00eancia e proporcionar maior compreens\u00e3o sobre a defici\u00eancia visual e como ela deve ser encarada pela sociedade.<\/p>\n<p>A exposi\u00e7\u00e3o \u00e9 gratuita e, para a abertura, est\u00e1 prevista a apresenta\u00e7\u00e3o do Coral Pio X, com a reg\u00eancia da Karen Comandulli. A mostra segue aberta para visita\u00e7\u00e3o at\u00e9 o dia 10 de fevereiro.<\/p>\n<p>A Pinacoteca faz parte do Centro Jundiaiense de Cultura Josefina Rodrigues da Silva (Jorosil), que fica na rua Bar\u00e3o de Jundia\u00ed, 109, Centro, e seu hor\u00e1rio de funcionamento \u00e9 de ter\u00e7a a sexta-feira, das 10h \u00e0s 17h e, aos s\u00e1bados, domingos e feriados, das 9h \u00e0s 16h. Mais informa\u00e7\u00f5es podem ser obtidas no telefone (11) 4586-2326. A programa\u00e7\u00e3o completa do anivers\u00e1rio da cidade pode ser\u00a0<a href=\"https:\/\/jundiai.sp.gov.br\/aniversario\/\">conferida no site<\/a>.<\/p>\n<p><strong>Mais Pinacoteca<\/strong><br \/>\nAinda nesta quinta-feira (05), \u00e0s 19h, est\u00e3o tamb\u00e9m previstas as aberturas das exposi\u00e7\u00f5es \u201cA Simplicidade das Coisas\u201d, de Ant\u00f4nio Thyrso, e \u201cEtnia Tropical\u201d, de VULGOXIS. Em \u201cA Simplicidade das Coisas\u201d, Thyrso transita, atrav\u00e9s da pintura, pelo universo \u00edntimo da casa, dos bichos de estima\u00e7\u00e3o e das paisagens. J\u00e1 em \u201cEtnia Tropical\u201d, VULGOXIS representa mulheres com caracter\u00edsticas bem brasileiras, s\u00edmbolos de luta e refer\u00eancia, como forma de lan\u00e7ar luz sobre o protagonismo por elas conquistado. Para a abertura, est\u00e1 tamb\u00e9m prevista a apresenta\u00e7\u00e3o musical de Bentivi, com cl\u00e1ssicos musicais contempor\u00e2neos. As mostras seguem expostas at\u00e9 o dia 05 de janeiro.<\/p>\n<p><em>(Fonte\/Imagem: Prefeitura de Jundia\u00ed)<\/em><\/p>\n<p>&nbsp;<\/p>\n","protected":false},"excerpt":{"rendered":"<p>Mostra faz parte da programa\u00e7\u00e3o especial em comemora\u00e7\u00e3o aos 364 anos de Jundia\u00ed <\/p>\n","protected":false},"author":13,"featured_media":42311,"comment_status":"closed","ping_status":"closed","sticky":false,"template":"","format":"standard","meta":{"footnotes":""},"categories":[2834,1],"tags":[5639],"class_list":["post-42307","post","type-post","status-publish","format-standard","has-post-thumbnail","hentry","category-cidades","category-noticias","tag-pinacoteca-de-jundiai"],"_links":{"self":[{"href":"https:\/\/tvtecjundiai.com.br\/news\/wp-json\/wp\/v2\/posts\/42307","targetHints":{"allow":["GET"]}}],"collection":[{"href":"https:\/\/tvtecjundiai.com.br\/news\/wp-json\/wp\/v2\/posts"}],"about":[{"href":"https:\/\/tvtecjundiai.com.br\/news\/wp-json\/wp\/v2\/types\/post"}],"author":[{"embeddable":true,"href":"https:\/\/tvtecjundiai.com.br\/news\/wp-json\/wp\/v2\/users\/13"}],"replies":[{"embeddable":true,"href":"https:\/\/tvtecjundiai.com.br\/news\/wp-json\/wp\/v2\/comments?post=42307"}],"version-history":[{"count":2,"href":"https:\/\/tvtecjundiai.com.br\/news\/wp-json\/wp\/v2\/posts\/42307\/revisions"}],"predecessor-version":[{"id":42312,"href":"https:\/\/tvtecjundiai.com.br\/news\/wp-json\/wp\/v2\/posts\/42307\/revisions\/42312"}],"wp:featuredmedia":[{"embeddable":true,"href":"https:\/\/tvtecjundiai.com.br\/news\/wp-json\/wp\/v2\/media\/42311"}],"wp:attachment":[{"href":"https:\/\/tvtecjundiai.com.br\/news\/wp-json\/wp\/v2\/media?parent=42307"}],"wp:term":[{"taxonomy":"category","embeddable":true,"href":"https:\/\/tvtecjundiai.com.br\/news\/wp-json\/wp\/v2\/categories?post=42307"},{"taxonomy":"post_tag","embeddable":true,"href":"https:\/\/tvtecjundiai.com.br\/news\/wp-json\/wp\/v2\/tags?post=42307"}],"curies":[{"name":"wp","href":"https:\/\/api.w.org\/{rel}","templated":true}]}}