{"id":42357,"date":"2019-12-06T10:22:59","date_gmt":"2019-12-06T12:22:59","guid":{"rendered":"https:\/\/tvtecjundiai.com.br\/news\/?p=42357"},"modified":"2019-12-06T10:22:59","modified_gmt":"2019-12-06T12:22:59","slug":"pat-jundiai-tem-vagas-disponiveis-na-area-de-servicos-gerais","status":"publish","type":"post","link":"https:\/\/tvtecjundiai.com.br\/news\/2019\/12\/06\/pat-jundiai-tem-vagas-disponiveis-na-area-de-servicos-gerais\/","title":{"rendered":"PAT Jundia\u00ed tem vagas dispon\u00edveis na \u00e1rea de Servi\u00e7os Gerais"},"content":{"rendered":"<p>O Posto de Atendimento ao Trabalhador (PAT) de Jundia\u00ed est\u00e1 com oportunidades de emprego na \u00e1rea de <strong>Servi\u00e7os Gerais<\/strong>. As vagas dispon\u00edveis s\u00e3o para:<\/p>\n<ul>\n<li>caldeireiro serralheiro<\/li>\n<li>serralheiro industrial<\/li>\n<li>soldador<\/li>\n<li>carpinteiro<\/li>\n<li>supervisor de manuten\u00e7\u00e3o de m\u00e1quinas<\/li>\n<\/ul>\n<div>Os candidatos interessados nas vagas acima dever\u00e3o comparecer\u00a0no PAT\u00a0<u>at\u00e9 dia 09\/12<\/u>\u00a0com atendimento\u00a0<u>at\u00e9<\/u><u>\u00a0<\/u><u>\u00e0s 16h30<\/u>\u00a0\u00a0munidos dos seguintes documentos: RG, CPF, Carteira Profissional e PIS<\/div>\n<div><\/div>\n<div>PAT Jundia\u00ed: Rua Zacarias de G\u00f3es, 530 &#8211; Vila Boaventura<\/div>\n","protected":false},"excerpt":{"rendered":"<p>Interessados devem comparecer \u00e0 sede do PAT at\u00e9 o dia 9\/12 entre 8h e 16h30<\/p>\n","protected":false},"author":13,"featured_media":2274,"comment_status":"closed","ping_status":"closed","sticky":false,"template":"","format":"standard","meta":{"footnotes":""},"categories":[2834,5038,1],"tags":[],"class_list":["post-42357","post","type-post","status-publish","format-standard","has-post-thumbnail","hentry","category-cidades","category-emprego","category-noticias"],"_links":{"self":[{"href":"https:\/\/tvtecjundiai.com.br\/news\/wp-json\/wp\/v2\/posts\/42357","targetHints":{"allow":["GET"]}}],"collection":[{"href":"https:\/\/tvtecjundiai.com.br\/news\/wp-json\/wp\/v2\/posts"}],"about":[{"href":"https:\/\/tvtecjundiai.com.br\/news\/wp-json\/wp\/v2\/types\/post"}],"author":[{"embeddable":true,"href":"https:\/\/tvtecjundiai.com.br\/news\/wp-json\/wp\/v2\/users\/13"}],"replies":[{"embeddable":true,"href":"https:\/\/tvtecjundiai.com.br\/news\/wp-json\/wp\/v2\/comments?post=42357"}],"version-history":[{"count":1,"href":"https:\/\/tvtecjundiai.com.br\/news\/wp-json\/wp\/v2\/posts\/42357\/revisions"}],"predecessor-version":[{"id":42358,"href":"https:\/\/tvtecjundiai.com.br\/news\/wp-json\/wp\/v2\/posts\/42357\/revisions\/42358"}],"wp:featuredmedia":[{"embeddable":true,"href":"https:\/\/tvtecjundiai.com.br\/news\/wp-json\/wp\/v2\/media\/2274"}],"wp:attachment":[{"href":"https:\/\/tvtecjundiai.com.br\/news\/wp-json\/wp\/v2\/media?parent=42357"}],"wp:term":[{"taxonomy":"category","embeddable":true,"href":"https:\/\/tvtecjundiai.com.br\/news\/wp-json\/wp\/v2\/categories?post=42357"},{"taxonomy":"post_tag","embeddable":true,"href":"https:\/\/tvtecjundiai.com.br\/news\/wp-json\/wp\/v2\/tags?post=42357"}],"curies":[{"name":"wp","href":"https:\/\/api.w.org\/{rel}","templated":true}]}}