{"id":42407,"date":"2019-12-06T15:07:43","date_gmt":"2019-12-06T17:07:43","guid":{"rendered":"https:\/\/tvtecjundiai.com.br\/news\/?p=42407"},"modified":"2019-12-06T16:33:38","modified_gmt":"2019-12-06T18:33:38","slug":"cultura-promove-corais-nas-janelas-do-solar-do-barao-no-centro-de-jundiai","status":"publish","type":"post","link":"https:\/\/tvtecjundiai.com.br\/news\/2019\/12\/06\/cultura-promove-corais-nas-janelas-do-solar-do-barao-no-centro-de-jundiai\/","title":{"rendered":"Cultura promove &#8216;Corais nas Janelas do Solar do Bar\u00e3o&#8217;, no Centro de Jundia\u00ed"},"content":{"rendered":"<p>A segunda edi\u00e7\u00e3o do evento Coral nas Janelas do Solar do Bar\u00e3o est\u00e1 sendo realizada este ano desde o dia 2 e vai at\u00e9 13 de dezembro \u2013 19h30 (segunda a sexta) 10 horas (s\u00e1bado e domingo).<\/p>\n<p><a href=\"https:\/\/tvtecjundiai.com.br\/news\/wp-content\/uploads\/sites\/2\/2019\/12\/coral_solar-768x527.jpg\"><img loading=\"lazy\" decoding=\"async\" class=\" wp-image-42411 alignright\" src=\"https:\/\/tvtecjundiai.com.br\/news\/wp-content\/uploads\/sites\/2\/2019\/12\/coral_solar-768x527-300x206.jpg\" alt=\"\" width=\"417\" height=\"286\" srcset=\"https:\/\/tvtecjundiai.com.br\/news\/wp-content\/uploads\/sites\/2\/2019\/12\/coral_solar-768x527-300x206.jpg 300w, https:\/\/tvtecjundiai.com.br\/news\/wp-content\/uploads\/sites\/2\/2019\/12\/coral_solar-768x527.jpg 768w\" sizes=\"auto, (max-width: 417px) 100vw, 417px\" \/><\/a><\/p>\n<p>O evento, promo\u00e7\u00e3o da Unidade de Gest\u00e3o de Cultura de Jundia\u00ed, integra as festividades alusivas aos 364 anos da cidade. At\u00e9 o dia 13, quem circular pelo Centro, durante a noite, ter\u00e1 a oportunidade de ver um espet\u00e1culo diferente.<\/p>\n<p><strong>SERVI\u00c7O<\/strong><\/p>\n<ul>\n<li><strong>EVENTO: <\/strong>CORAIS NAS JANELAS DO SOLAR DO BAR\u00c3O<\/li>\n<li><strong>DATA: <\/strong>2 a 13 de dezembro \u2013 19h30 (segunda a sexta) 10 hORAS (s\u00e1bado e domingo)<br \/>\n<strong>Jundia\u00ed 364 anos<\/strong><\/li>\n<li>PROMO\u00c7\u00c3O: Unidade de Gest\u00e3o de Cultura<br \/>\n<em>Apresenta\u00e7\u00e3o de Corais nas janelas do Museu Hist\u00f3rico e Cultural \u2013 Solar do Bar\u00e3o e de m\u00fasica nas sacadas do com\u00e9rcio no Centro<\/em><\/li>\n<\/ul>\n","protected":false},"excerpt":{"rendered":"<p>O evento integra as festividades alusivas aos 364 anos da cidade<\/p>\n","protected":false},"author":8,"featured_media":42411,"comment_status":"closed","ping_status":"closed","sticky":false,"template":"","format":"standard","meta":{"footnotes":""},"categories":[1],"tags":[6139],"class_list":["post-42407","post","type-post","status-publish","format-standard","has-post-thumbnail","hentry","category-noticias","tag-corais-nas-janelas-do-solar-do-barao"],"_links":{"self":[{"href":"https:\/\/tvtecjundiai.com.br\/news\/wp-json\/wp\/v2\/posts\/42407","targetHints":{"allow":["GET"]}}],"collection":[{"href":"https:\/\/tvtecjundiai.com.br\/news\/wp-json\/wp\/v2\/posts"}],"about":[{"href":"https:\/\/tvtecjundiai.com.br\/news\/wp-json\/wp\/v2\/types\/post"}],"author":[{"embeddable":true,"href":"https:\/\/tvtecjundiai.com.br\/news\/wp-json\/wp\/v2\/users\/8"}],"replies":[{"embeddable":true,"href":"https:\/\/tvtecjundiai.com.br\/news\/wp-json\/wp\/v2\/comments?post=42407"}],"version-history":[{"count":4,"href":"https:\/\/tvtecjundiai.com.br\/news\/wp-json\/wp\/v2\/posts\/42407\/revisions"}],"predecessor-version":[{"id":42424,"href":"https:\/\/tvtecjundiai.com.br\/news\/wp-json\/wp\/v2\/posts\/42407\/revisions\/42424"}],"wp:featuredmedia":[{"embeddable":true,"href":"https:\/\/tvtecjundiai.com.br\/news\/wp-json\/wp\/v2\/media\/42411"}],"wp:attachment":[{"href":"https:\/\/tvtecjundiai.com.br\/news\/wp-json\/wp\/v2\/media?parent=42407"}],"wp:term":[{"taxonomy":"category","embeddable":true,"href":"https:\/\/tvtecjundiai.com.br\/news\/wp-json\/wp\/v2\/categories?post=42407"},{"taxonomy":"post_tag","embeddable":true,"href":"https:\/\/tvtecjundiai.com.br\/news\/wp-json\/wp\/v2\/tags?post=42407"}],"curies":[{"name":"wp","href":"https:\/\/api.w.org\/{rel}","templated":true}]}}