{"id":42414,"date":"2019-12-06T16:35:46","date_gmt":"2019-12-06T18:35:46","guid":{"rendered":"https:\/\/tvtecjundiai.com.br\/news\/?p=42414"},"modified":"2019-12-06T17:34:17","modified_gmt":"2019-12-06T19:34:17","slug":"fabio-zanon-se-apresenta-no-polytheama-dia-21-12","status":"publish","type":"post","link":"https:\/\/tvtecjundiai.com.br\/news\/2019\/12\/06\/fabio-zanon-se-apresenta-no-polytheama-dia-21-12\/","title":{"rendered":"F\u00e1bio Zanon se apresenta no Polytheama dia 21\/12"},"content":{"rendered":"<p>\u00c9 imperd\u00edvel o evento <em>F\u00c1BIO ZANON CONVIDA N\u00cdCOLAS PORTO &#8211; PROJETO VIOL\u00d5ES BRASILEIROS<\/em>, que ser\u00e1 realizado no s\u00e1bado, 21 de dezembro, \u00e0s 20h30, no Teatro Polytheama.<\/p>\n<p>A entrada \u00e9 gratuita e os ingressos devem ser retirados na bilheteria do teatro um dia antes, a partir das 10 horas. O show musical est\u00e1 dentro da programa\u00e7\u00e3o especial dos 108 anos do Polytheama e 364 anos de Jundia\u00ed.<\/p>\n<p><strong>F\u00c1BIO ZANON CONVIDA N\u00cdCOLAS PORTO <\/strong><\/p>\n<ul>\n<li><strong>PROJETO VIOL\u00d5ES BRASILEIROS<\/strong><\/li>\n<li><strong>DATA:<\/strong> 21\/12, 20h30<br \/>\n<strong>LOCAL:<\/strong> Teatro Polytheama<br \/>\n<em>Entrada gratuita<\/em><\/li>\n<\/ul>\n","protected":false},"excerpt":{"rendered":"<p>A entrada \u00e9 gratuita e os ingressos devem ser retirados um dia antes<\/p>\n","protected":false},"author":8,"featured_media":42415,"comment_status":"closed","ping_status":"closed","sticky":false,"template":"","format":"standard","meta":{"footnotes":""},"categories":[2833,1],"tags":[6140],"class_list":["post-42414","post","type-post","status-publish","format-standard","has-post-thumbnail","hentry","category-cultura","category-noticias","tag-fabio-zanon"],"_links":{"self":[{"href":"https:\/\/tvtecjundiai.com.br\/news\/wp-json\/wp\/v2\/posts\/42414","targetHints":{"allow":["GET"]}}],"collection":[{"href":"https:\/\/tvtecjundiai.com.br\/news\/wp-json\/wp\/v2\/posts"}],"about":[{"href":"https:\/\/tvtecjundiai.com.br\/news\/wp-json\/wp\/v2\/types\/post"}],"author":[{"embeddable":true,"href":"https:\/\/tvtecjundiai.com.br\/news\/wp-json\/wp\/v2\/users\/8"}],"replies":[{"embeddable":true,"href":"https:\/\/tvtecjundiai.com.br\/news\/wp-json\/wp\/v2\/comments?post=42414"}],"version-history":[{"count":2,"href":"https:\/\/tvtecjundiai.com.br\/news\/wp-json\/wp\/v2\/posts\/42414\/revisions"}],"predecessor-version":[{"id":42419,"href":"https:\/\/tvtecjundiai.com.br\/news\/wp-json\/wp\/v2\/posts\/42414\/revisions\/42419"}],"wp:featuredmedia":[{"embeddable":true,"href":"https:\/\/tvtecjundiai.com.br\/news\/wp-json\/wp\/v2\/media\/42415"}],"wp:attachment":[{"href":"https:\/\/tvtecjundiai.com.br\/news\/wp-json\/wp\/v2\/media?parent=42414"}],"wp:term":[{"taxonomy":"category","embeddable":true,"href":"https:\/\/tvtecjundiai.com.br\/news\/wp-json\/wp\/v2\/categories?post=42414"},{"taxonomy":"post_tag","embeddable":true,"href":"https:\/\/tvtecjundiai.com.br\/news\/wp-json\/wp\/v2\/tags?post=42414"}],"curies":[{"name":"wp","href":"https:\/\/api.w.org\/{rel}","templated":true}]}}