{"id":42417,"date":"2019-12-06T16:45:09","date_gmt":"2019-12-06T18:45:09","guid":{"rendered":"https:\/\/tvtecjundiai.com.br\/news\/?p=42417"},"modified":"2019-12-06T18:04:14","modified_gmt":"2019-12-06T20:04:14","slug":"nestle-e-fgv-tem-vagas-de-emprego-abertas-em-jundiai","status":"publish","type":"post","link":"https:\/\/tvtecjundiai.com.br\/news\/2019\/12\/06\/nestle-e-fgv-tem-vagas-de-emprego-abertas-em-jundiai\/","title":{"rendered":"Nestl\u00e9 e FGV tem vagas de emprego abertas em Jundia\u00ed"},"content":{"rendered":"<p><a href=\"https:\/\/www.vagas.com.br\/vagas\/v2002246\/repositor-nestle\">Repositor em mercado &#8211; Nestl\u00e9<\/a><\/p>\n<p><strong>Segue abaixo detalhe das atividades:<\/strong><\/p>\n<ul>\n<li>Atendimento ao cliente<\/li>\n<li>Arrumar gondolas;<\/li>\n<li>recolher produtos sem condi\u00e7\u00e3o de venda;<\/li>\n<li>verificar rupturas;<\/li>\n<li>posicionar mercadorias nos corredores;<\/li>\n<li>marcar pre\u00e7os;<\/li>\n<li>reabastecer as gondolas;<\/li>\n<li>recolher, desmontar e compactar embalagens perdidas;<\/li>\n<li>assegurar-se da qualidade da apresenta\u00e7\u00e3o das mercadorias;<\/li>\n<li>manter a limpeza do local de trabalho;<\/li>\n<li>arrumar as mercadorias para inventario e retirar as mercadorias liberadas na recep\u00e7\u00e3o e organiza-las no deposito.<\/li>\n<\/ul>\n<p><a href=\"https:\/\/www.vagas.com.br\/vagas\/v2002829\/consultor-de-vendas\">Consultor de Vendas &#8211; IBE FGV<\/a><\/p>\n<p><strong>Voc\u00ea<\/strong>\u00a0<strong>precisa<\/strong>:<\/p>\n<ul>\n<li><span style=\"color: #000000;\">Estar com a Gradua\u00e7\u00e3o Completa.\u00a0<\/span><\/li>\n<li><span style=\"color: #000000;\">Ter conhecimento do Pacote Office.<\/span><\/li>\n<li><span style=\"color: #000000;\">Gostar de uma atividade din\u00e2mica.<\/span><\/li>\n<li><span style=\"color: #000000;\">Ter dom\u00ednio da l\u00edngua portuguesa (falada e escrita).<\/span><\/li>\n<li><span style=\"color: #000000;\">Morar ou residir em localidades pr\u00f3ximas a\u00a0<\/span>Jundia\u00ed.<\/li>\n<\/ul>\n<p><strong><span style=\"color: #000000;\">\u00c9 desej\u00e1vel que voc\u00ea:<\/span><\/strong><\/p>\n<ul>\n<li><span style=\"color: #000000;\">Tenha experi\u00eancia anterior na \u00e1rea comercial, com vendas internas.<\/span><\/li>\n<\/ul>\n<p>\u00c9 importante saber ouvir, identificar oportunidades, ter esp\u00edrito empreendedor, se comunicar de forma inteligente, se conectar sempre com as pessoas e cumprir metas.<\/p>\n<p><strong>Detalhes da vaga:<\/strong><\/p>\n<p>Trabalhe e se desenvolva profissionalmente dentro da maior empresa de educa\u00e7\u00e3o corporativa do Brasil!<\/p>\n<ul>\n<li>\u00c1rea Comercial.<\/li>\n<li>Plano de carreira objetivo e definido.<\/li>\n<li>Programa de estudo continuado atrelado ao plano de carreira.<\/li>\n<li>Carreira acelerada e estruturada.<\/li>\n<\/ul>\n<p><strong>Responsabilidade:<\/strong><\/p>\n<p>O consultor desenvolver\u00e1 atividades de prospec\u00e7\u00e3o e comercializa\u00e7\u00e3o de programas de p\u00f3s-gradua\u00e7\u00e3o e MBA para executivos. Ser\u00e1 respons\u00e1vel pela defini\u00e7\u00e3o e execu\u00e7\u00e3o de estrat\u00e9gias que objetivem a venda, adotando, para isso, as mais diversas ferramentas da administra\u00e7\u00e3o. Executar\u00e1, tamb\u00e9m, trabalho de consultoria executiva, com o intuito de indicar o melhor programa para cada perfil profissional.<\/p>\n<p>Essas e outras vagas est\u00e3o dispon\u00edveis no site <a href=\"https:\/\/www.vagas.com.br\/\">Vagas.com<\/a><\/p>\n<p>&nbsp;<\/p>\n","protected":false},"excerpt":{"rendered":"<p>Curr\u00edculos devem ser cadastrados no site Vagas.com<\/p>\n","protected":false},"author":13,"featured_media":42418,"comment_status":"closed","ping_status":"closed","sticky":false,"template":"","format":"standard","meta":{"footnotes":""},"categories":[2834,1],"tags":[],"class_list":["post-42417","post","type-post","status-publish","format-standard","has-post-thumbnail","hentry","category-cidades","category-noticias"],"_links":{"self":[{"href":"https:\/\/tvtecjundiai.com.br\/news\/wp-json\/wp\/v2\/posts\/42417","targetHints":{"allow":["GET"]}}],"collection":[{"href":"https:\/\/tvtecjundiai.com.br\/news\/wp-json\/wp\/v2\/posts"}],"about":[{"href":"https:\/\/tvtecjundiai.com.br\/news\/wp-json\/wp\/v2\/types\/post"}],"author":[{"embeddable":true,"href":"https:\/\/tvtecjundiai.com.br\/news\/wp-json\/wp\/v2\/users\/13"}],"replies":[{"embeddable":true,"href":"https:\/\/tvtecjundiai.com.br\/news\/wp-json\/wp\/v2\/comments?post=42417"}],"version-history":[{"count":1,"href":"https:\/\/tvtecjundiai.com.br\/news\/wp-json\/wp\/v2\/posts\/42417\/revisions"}],"predecessor-version":[{"id":42420,"href":"https:\/\/tvtecjundiai.com.br\/news\/wp-json\/wp\/v2\/posts\/42417\/revisions\/42420"}],"wp:featuredmedia":[{"embeddable":true,"href":"https:\/\/tvtecjundiai.com.br\/news\/wp-json\/wp\/v2\/media\/42418"}],"wp:attachment":[{"href":"https:\/\/tvtecjundiai.com.br\/news\/wp-json\/wp\/v2\/media?parent=42417"}],"wp:term":[{"taxonomy":"category","embeddable":true,"href":"https:\/\/tvtecjundiai.com.br\/news\/wp-json\/wp\/v2\/categories?post=42417"},{"taxonomy":"post_tag","embeddable":true,"href":"https:\/\/tvtecjundiai.com.br\/news\/wp-json\/wp\/v2\/tags?post=42417"}],"curies":[{"name":"wp","href":"https:\/\/api.w.org\/{rel}","templated":true}]}}