{"id":42450,"date":"2019-12-06T18:30:37","date_gmt":"2019-12-06T20:30:37","guid":{"rendered":"https:\/\/tvtecjundiai.com.br\/news\/?p=42450"},"modified":"2019-12-06T18:30:37","modified_gmt":"2019-12-06T20:30:37","slug":"iluminacao-publica-populacao-pode-conhecer-e-opinar-online","status":"publish","type":"post","link":"https:\/\/tvtecjundiai.com.br\/news\/2019\/12\/06\/iluminacao-publica-populacao-pode-conhecer-e-opinar-online\/","title":{"rendered":"Ilumina\u00e7\u00e3o p\u00fablica: popula\u00e7\u00e3o pode conhecer e opinar online"},"content":{"rendered":"<p>J\u00e1 est\u00e1 dispon\u00edvel para consulta p\u00fablica no site da Prefeitura o edital da PPP \u2013 parceria p\u00fablico-privada \u2013 sobre ilumina\u00e7\u00e3o p\u00fablica da cidade. Antes da abertura da licita\u00e7\u00e3o \u00e9 necess\u00e1rio colocar o tema em consulta p\u00fablica, ou seja, o edital e seus anexos s\u00e3o disponibilizados para que os interessados, sejam pessoas f\u00edsicas ou empresas, possam conhecer o seu conte\u00fado e participar, fazendo cr\u00edticas e sugest\u00f5es. Depois de um prazo de 30 dias, ser\u00e1 realizada a audi\u00eancia p\u00fablica sobre o tema, conforme determina a legisla\u00e7\u00e3o. Somente depois de cumpridos esses dois passos \u00e9 que o Edital deve ser publicado.<\/p>\n<div id=\"attachment_42451\" style=\"width: 510px\" class=\"wp-caption alignleft\"><a href=\"https:\/\/tvtecjundiai.com.br\/news\/wp-content\/uploads\/sites\/2\/2019\/12\/iluminacao-jardim-das-tulipas-1.jpg\"><img loading=\"lazy\" decoding=\"async\" aria-describedby=\"caption-attachment-42451\" class=\"wp-image-42451\" src=\"https:\/\/tvtecjundiai.com.br\/news\/wp-content\/uploads\/sites\/2\/2019\/12\/iluminacao-jardim-das-tulipas-1.jpg\" alt=\"\" width=\"500\" height=\"336\" srcset=\"https:\/\/tvtecjundiai.com.br\/news\/wp-content\/uploads\/sites\/2\/2019\/12\/iluminacao-jardim-das-tulipas-1.jpg 1240w, https:\/\/tvtecjundiai.com.br\/news\/wp-content\/uploads\/sites\/2\/2019\/12\/iluminacao-jardim-das-tulipas-1-300x202.jpg 300w, https:\/\/tvtecjundiai.com.br\/news\/wp-content\/uploads\/sites\/2\/2019\/12\/iluminacao-jardim-das-tulipas-1-768x517.jpg 768w, https:\/\/tvtecjundiai.com.br\/news\/wp-content\/uploads\/sites\/2\/2019\/12\/iluminacao-jardim-das-tulipas-1-1200x807.jpg 1200w\" sizes=\"auto, (max-width: 500px) 100vw, 500px\" \/><\/a><p id=\"caption-attachment-42451\" class=\"wp-caption-text\">Ilumina\u00e7\u00e3o no Jd. Tulipas: parceria p\u00fablico-privada envolve moderniza\u00e7\u00e3o, expans\u00e3o, opera\u00e7\u00e3o e manuten\u00e7\u00e3o da infraestrutura da ilumina\u00e7\u00e3o em Jundia\u00ed<\/p><\/div>\n<p>A a\u00e7\u00e3o envolve\u00a0moderniza\u00e7\u00e3o, otimiza\u00e7\u00e3o, expans\u00e3o, opera\u00e7\u00e3o e manuten\u00e7\u00e3o da infraestrutura da ilumina\u00e7\u00e3o p\u00fablica em Jundia\u00ed, por meio de PPP. Para participar, os interessados \u2013 pessoas f\u00edsicas ou jur\u00eddicas \u2013 podem consultar os documentos no site da Prefeitura,\u00a0<a href=\"https:\/\/compraaberta.jundiai.sp.gov.br\/licitacoes\/\">aqui,\u00a0<\/a>modalidade \u201cConsulta P\u00fablica\u201d.<\/p>\n<p>A concess\u00e3o est\u00e1 devidamente embasada na Lei Municipal n\u00ba 7.750, de 13 de outubro de 2011, por meio da qual o Poder Executivo ficou autorizado a conceder, mediante processo licitat\u00f3rio espec\u00edfico, em regime de PPP, na modalidade concess\u00e3o administrativa, pelo prazo de at\u00e9 35 anos, a gest\u00e3o do servi\u00e7o de ilumina\u00e7\u00e3o p\u00fablica.<\/p>\n<p>Segundo o gestor de Gest\u00e3o e Finan\u00e7as, Jos\u00e9 Antonio Parimoschi, o atendimento \u00e0 popula\u00e7\u00e3o requer melhorias que implicam na ado\u00e7\u00e3o de um novo modelo de gest\u00e3o, que possibilite alcan\u00e7ar mais efici\u00eancia e qualidade e, ao mesmo tempo, redu\u00e7\u00e3o de custos. \u201cA capacidade limitada de investimento do munic\u00edpio, por\u00e9m, demonstra que a PPP, neste momento, \u00e9 a melhor estrat\u00e9gia, conforme estudos t\u00e9cnicos que j\u00e1 foram realizados e que culminaram com a ado\u00e7\u00e3o da solu\u00e7\u00e3o em diversos munic\u00edpios do Pa\u00eds\u201d, afirma.<\/p>\n<p>Entre os servi\u00e7os inclu\u00eddos na licita\u00e7\u00e3o, est\u00e3o gest\u00e3o, moderniza\u00e7\u00e3o e expans\u00e3o da rede de ilumina\u00e7\u00e3o p\u00fablica, que conta atualmente com 47.551 pontos distribu\u00eddos por toda a cidade.<\/p>\n<p>As\u00a0contribui\u00e7\u00f5es devem ser encaminhadas por escrito, conforme formul\u00e1rio-modelo dispon\u00edvel na p\u00e1gina. Sugest\u00f5es e opini\u00f5es ser\u00e3o recebidas at\u00e9 \u00e0s 18h do dia 30 de dezembro de 2019, na Unidade de Administra\u00e7\u00e3o e Gest\u00e3o de Pessoas, atrav\u00e9s do e-mail\u00a0<a href=\"mailto:szanotello@jundiai.sp.gov.br\">szanotello@jundiai.sp.gov.br<\/a>. Somente ser\u00e3o apreciadas as contribui\u00e7\u00f5es que contenham a identifica\u00e7\u00e3o do participante e o contato (endere\u00e7o ou e-mail).<\/p>\n<p>A audi\u00eancia p\u00fablica para debater o tema j\u00e1 est\u00e1 marcada: ser\u00e1 dia 9 de janeiro de 2020, \u00e0s 9h, no Audit\u00f3rio da Prefeitura de Jundia\u00ed, 8\u00ba. andar, ala Norte.<\/p>\n","protected":false},"excerpt":{"rendered":"<p>Antes da abertura da licita\u00e7\u00e3o \u00e9 necess\u00e1rio colocar o tema em consulta p\u00fablica<\/p>\n","protected":false},"author":10,"featured_media":42451,"comment_status":"closed","ping_status":"closed","sticky":false,"template":"","format":"standard","meta":{"footnotes":""},"categories":[2834,1],"tags":[],"class_list":["post-42450","post","type-post","status-publish","format-standard","has-post-thumbnail","hentry","category-cidades","category-noticias"],"_links":{"self":[{"href":"https:\/\/tvtecjundiai.com.br\/news\/wp-json\/wp\/v2\/posts\/42450","targetHints":{"allow":["GET"]}}],"collection":[{"href":"https:\/\/tvtecjundiai.com.br\/news\/wp-json\/wp\/v2\/posts"}],"about":[{"href":"https:\/\/tvtecjundiai.com.br\/news\/wp-json\/wp\/v2\/types\/post"}],"author":[{"embeddable":true,"href":"https:\/\/tvtecjundiai.com.br\/news\/wp-json\/wp\/v2\/users\/10"}],"replies":[{"embeddable":true,"href":"https:\/\/tvtecjundiai.com.br\/news\/wp-json\/wp\/v2\/comments?post=42450"}],"version-history":[{"count":1,"href":"https:\/\/tvtecjundiai.com.br\/news\/wp-json\/wp\/v2\/posts\/42450\/revisions"}],"predecessor-version":[{"id":42452,"href":"https:\/\/tvtecjundiai.com.br\/news\/wp-json\/wp\/v2\/posts\/42450\/revisions\/42452"}],"wp:featuredmedia":[{"embeddable":true,"href":"https:\/\/tvtecjundiai.com.br\/news\/wp-json\/wp\/v2\/media\/42451"}],"wp:attachment":[{"href":"https:\/\/tvtecjundiai.com.br\/news\/wp-json\/wp\/v2\/media?parent=42450"}],"wp:term":[{"taxonomy":"category","embeddable":true,"href":"https:\/\/tvtecjundiai.com.br\/news\/wp-json\/wp\/v2\/categories?post=42450"},{"taxonomy":"post_tag","embeddable":true,"href":"https:\/\/tvtecjundiai.com.br\/news\/wp-json\/wp\/v2\/tags?post=42450"}],"curies":[{"name":"wp","href":"https:\/\/api.w.org\/{rel}","templated":true}]}}