{"id":42471,"date":"2019-12-09T10:15:24","date_gmt":"2019-12-09T12:15:24","guid":{"rendered":"https:\/\/tvtecjundiai.com.br\/news\/?p=42471"},"modified":"2019-12-09T10:58:35","modified_gmt":"2019-12-09T12:58:35","slug":"prefeitura-de-varzea-paulista-tem-concurso-publico-para-10-vagas","status":"publish","type":"post","link":"https:\/\/tvtecjundiai.com.br\/news\/2019\/12\/09\/prefeitura-de-varzea-paulista-tem-concurso-publico-para-10-vagas\/","title":{"rendered":"Prefeitura de V\u00e1rzea Paulista tem concurso p\u00fablico para 10 vagas"},"content":{"rendered":"<div id=\"attachment_4574\" style=\"width: 463px\" class=\"wp-caption alignright\"><a href=\"https:\/\/tvtecjundiai.com.br\/news\/wp-content\/uploads\/sites\/2\/2017\/12\/Concurso.jpg\"><img loading=\"lazy\" decoding=\"async\" aria-describedby=\"caption-attachment-4574\" class=\"wp-image-4574\" src=\"https:\/\/tvtecjundiai.com.br\/news\/wp-content\/uploads\/sites\/2\/2017\/12\/Concurso-300x200.jpg\" alt=\"\" width=\"453\" height=\"302\" srcset=\"https:\/\/tvtecjundiai.com.br\/news\/wp-content\/uploads\/sites\/2\/2017\/12\/Concurso-300x200.jpg 300w, https:\/\/tvtecjundiai.com.br\/news\/wp-content\/uploads\/sites\/2\/2017\/12\/Concurso-768x513.jpg 768w, https:\/\/tvtecjundiai.com.br\/news\/wp-content\/uploads\/sites\/2\/2017\/12\/Concurso.jpg 1050w\" sizes=\"auto, (max-width: 453px) 100vw, 453px\" \/><\/a><p id=\"caption-attachment-4574\" class=\"wp-caption-text\">Vagas s\u00e3o destinadas ao cargo de guarda municipal<\/p><\/div>\n<p>Est\u00e3o abertas as inscri\u00e7\u00f5es do Concurso da Prefeitura de V\u00e1rzea Paulista, localizada no Estado de S\u00e3o Paulo (SP). Ao todo, o munic\u00edpio re\u00fane 10 vagas para o cargo de <strong>guarda municipal<\/strong>, a n\u00edvel de ensino m\u00e9dio. As inscri\u00e7\u00f5es ser\u00e3o recebidas at\u00e9 o dia 13 de janeiro de 2020, exclusivamente pela internet, atrav\u00e9s do site da banca organizadora do processo de sele\u00e7\u00e3o. Para acess\u00e1-lo,<a href=\"https:\/\/www.vunesp.com.br\/PVPA1903\"> clique aqui.\u00a0<\/a><\/p>\n<article class=\"concurso course-single col-xs-12 col-sm-8\">\n<div class=\"course-description\">\n<p>A oferta \u00e9 de 3 vagas para mulheres e 7 para homens. Al\u00e9m do sal\u00e1rio de R$ 1.606, podem ser acrescidos os adicionais de regime especial de trabalho (R$ 482) e adicional de risco \u00e0 vida (R$ 835). A Prefeitura oferece ainda aos seus servidores benef\u00edcios como aux\u00edlio-alimenta\u00e7\u00e3o (vale-alimenta\u00e7\u00e3o e cesta b\u00e1sica), aux\u00edlio-transporte, sal\u00e1rio-fam\u00edlia (quando couber) e adicionais de n\u00edvel universit\u00e1rio ou de incentivo \u00e0 gradua\u00e7\u00e3o (conforme Lei Complementar n\u00ba. 181).<\/p>\n<p><em>(Fonte: G1\/Imagem: Reprodu\u00e7\u00e3o)<\/em><\/p>\n<\/div>\n<\/article>\n","protected":false},"excerpt":{"rendered":"<p>Vagas s\u00e3o destinadas ao cargo de guarda municipal <\/p>\n","protected":false},"author":13,"featured_media":4574,"comment_status":"closed","ping_status":"closed","sticky":false,"template":"","format":"standard","meta":{"footnotes":""},"categories":[2834,1],"tags":[],"class_list":["post-42471","post","type-post","status-publish","format-standard","has-post-thumbnail","hentry","category-cidades","category-noticias"],"_links":{"self":[{"href":"https:\/\/tvtecjundiai.com.br\/news\/wp-json\/wp\/v2\/posts\/42471","targetHints":{"allow":["GET"]}}],"collection":[{"href":"https:\/\/tvtecjundiai.com.br\/news\/wp-json\/wp\/v2\/posts"}],"about":[{"href":"https:\/\/tvtecjundiai.com.br\/news\/wp-json\/wp\/v2\/types\/post"}],"author":[{"embeddable":true,"href":"https:\/\/tvtecjundiai.com.br\/news\/wp-json\/wp\/v2\/users\/13"}],"replies":[{"embeddable":true,"href":"https:\/\/tvtecjundiai.com.br\/news\/wp-json\/wp\/v2\/comments?post=42471"}],"version-history":[{"count":2,"href":"https:\/\/tvtecjundiai.com.br\/news\/wp-json\/wp\/v2\/posts\/42471\/revisions"}],"predecessor-version":[{"id":42474,"href":"https:\/\/tvtecjundiai.com.br\/news\/wp-json\/wp\/v2\/posts\/42471\/revisions\/42474"}],"wp:featuredmedia":[{"embeddable":true,"href":"https:\/\/tvtecjundiai.com.br\/news\/wp-json\/wp\/v2\/media\/4574"}],"wp:attachment":[{"href":"https:\/\/tvtecjundiai.com.br\/news\/wp-json\/wp\/v2\/media?parent=42471"}],"wp:term":[{"taxonomy":"category","embeddable":true,"href":"https:\/\/tvtecjundiai.com.br\/news\/wp-json\/wp\/v2\/categories?post=42471"},{"taxonomy":"post_tag","embeddable":true,"href":"https:\/\/tvtecjundiai.com.br\/news\/wp-json\/wp\/v2\/tags?post=42471"}],"curies":[{"name":"wp","href":"https:\/\/api.w.org\/{rel}","templated":true}]}}