{"id":42514,"date":"2019-12-09T14:22:52","date_gmt":"2019-12-09T16:22:52","guid":{"rendered":"https:\/\/tvtecjundiai.com.br\/news\/?p=42514"},"modified":"2019-12-09T14:22:52","modified_gmt":"2019-12-09T16:22:52","slug":"castracao-gratuita-de-animais-domesticos-sera-nesta-quarta-11-e-sabado-14-em-jundiai","status":"publish","type":"post","link":"https:\/\/tvtecjundiai.com.br\/news\/2019\/12\/09\/castracao-gratuita-de-animais-domesticos-sera-nesta-quarta-11-e-sabado-14-em-jundiai\/","title":{"rendered":"Castra\u00e7\u00e3o gratuita de animais dom\u00e9sticos ser\u00e1 nesta quarta (11) e s\u00e1bado (14) em Jundia\u00ed"},"content":{"rendered":"<p>O Departamento do Bem-Estar Animal de Jundia\u00ed (Debea), vinculado \u00e0 Unidade de Gest\u00e3o de Planejamento Urbano e Meio Ambiente (UGPUMA), promove nesta quarta-feira (11) e s\u00e1bado (14) mutir\u00f5es de castra\u00e7\u00e3o gratuita de animais de estima\u00e7\u00e3o em dois pontos da cidade \u2013 respectivamente na Incubadora de Empresas, no Retiro (atrav\u00e9s da unidade volante Castram\u00f3vel), e no Corrupira. Para ter seu c\u00e3o ou gato na lista dos bichos que ser\u00e3o castrados, o cidad\u00e3o deve ligar para o Debea no telefone (11) 4582-2685 e fazer um cadastro.<\/p>\n<div id=\"attachment_42515\" style=\"width: 510px\" class=\"wp-caption alignleft\"><a href=\"https:\/\/tvtecjundiai.com.br\/news\/wp-content\/uploads\/sites\/2\/2019\/12\/castracao-de-caes-no-debea_c_-8.jpg\"><img loading=\"lazy\" decoding=\"async\" aria-describedby=\"caption-attachment-42515\" class=\"wp-image-42515\" src=\"https:\/\/tvtecjundiai.com.br\/news\/wp-content\/uploads\/sites\/2\/2019\/12\/castracao-de-caes-no-debea_c_-8.jpg\" alt=\"\" width=\"500\" height=\"335\" srcset=\"https:\/\/tvtecjundiai.com.br\/news\/wp-content\/uploads\/sites\/2\/2019\/12\/castracao-de-caes-no-debea_c_-8.jpg 1260w, https:\/\/tvtecjundiai.com.br\/news\/wp-content\/uploads\/sites\/2\/2019\/12\/castracao-de-caes-no-debea_c_-8-300x201.jpg 300w, https:\/\/tvtecjundiai.com.br\/news\/wp-content\/uploads\/sites\/2\/2019\/12\/castracao-de-caes-no-debea_c_-8-768x515.jpg 768w, https:\/\/tvtecjundiai.com.br\/news\/wp-content\/uploads\/sites\/2\/2019\/12\/castracao-de-caes-no-debea_c_-8-1200x805.jpg 1200w\" sizes=\"auto, (max-width: 500px) 100vw, 500px\" \/><\/a><p id=\"caption-attachment-42515\" class=\"wp-caption-text\">Em dezembro, Debea far\u00e1 outros mutir\u00f5es de castra\u00e7\u00e3o de c\u00e3es e gatos em Jundia\u00ed<\/p><\/div>\n<p>A esteriliza\u00e7\u00e3o dos animais desta quarta, no Retiro, \u00e9 s\u00f3 para cachorros e cerca de 100 bichos ser\u00e3o operados. A Incubadora de Empresas fica na Av. Marginal Direita da Via Anhanguera, 480. J\u00e1 a de s\u00e1bado tem vagas para c\u00e3es e gatos e ser\u00e1 realizada na EMEB Maria Ang\u00e9lica Louren\u00e7on \u2013 Rua Nilo Traci, 2.100, no Corrupira.<\/p>\n<p>Outras duas a\u00e7\u00f5es de castra\u00e7\u00e3o acontecer\u00e3o esta semana, mas para ambas as inscri\u00e7\u00f5es est\u00e3o encerradas: nesta ter\u00e7a (10) no Vista Alegre e na quinta (12) no Jardim Fepasa.<\/p>\n<p>De acordo com Daniela Ara\u00fajo Passos, diretora do Debea, na \u00faltima sexta-feira 111 animais foram operados no Centro de Refer\u00eancias em Educa\u00e7\u00e3o Ambiental (Cream), no bairro Santa Clara. \u201cNas pr\u00f3ximas castra\u00e7\u00f5es, atenderemos os gatos \u00e0s 9h e em seguida os c\u00e3es, \u00e0s 10h, 11h e 12h. No Retiro e em outros bairros estamos usando o Castram\u00f3vel para que possamos chegar em locais sem a infraestrutura adequada para o procedimento. O ve\u00edculo \u00e9 equipado para que funcione como um pequeno centro cir\u00fargico\u201d, disse Daniela.<\/p>\n<p>A diretora do Departamento do Bem-Estar Animal do munic\u00edpio tamb\u00e9m explicou que estas a\u00e7\u00f5es s\u00e3o muito importantes por atenderem bairros com grande \u00edndice de abandono de animais. \u201cOs bichos ficam soltos na rua e, por isso, t\u00eam grande chance de se reproduzir\u201d, emendou. \u201cNovos mutir\u00f5es ser\u00e3o promovidos pelo Debea, tanto com o uso do Castram\u00f3vel como em escolas. Os bairros ainda est\u00e3o sendo definidos\u201d, finalizou Daniela.<\/p>\n<p><em>(Prefeitura de Jundia\u00ed)<\/em><\/p>\n","protected":false},"excerpt":{"rendered":"<p>Em dezembro, Debea far\u00e1 outros mutir\u00f5es de castra\u00e7\u00e3o de c\u00e3es e gatos em Jundia\u00ed<\/p>\n","protected":false},"author":10,"featured_media":42516,"comment_status":"closed","ping_status":"closed","sticky":false,"template":"","format":"standard","meta":{"footnotes":""},"categories":[1],"tags":[],"class_list":["post-42514","post","type-post","status-publish","format-standard","has-post-thumbnail","hentry","category-noticias"],"_links":{"self":[{"href":"https:\/\/tvtecjundiai.com.br\/news\/wp-json\/wp\/v2\/posts\/42514","targetHints":{"allow":["GET"]}}],"collection":[{"href":"https:\/\/tvtecjundiai.com.br\/news\/wp-json\/wp\/v2\/posts"}],"about":[{"href":"https:\/\/tvtecjundiai.com.br\/news\/wp-json\/wp\/v2\/types\/post"}],"author":[{"embeddable":true,"href":"https:\/\/tvtecjundiai.com.br\/news\/wp-json\/wp\/v2\/users\/10"}],"replies":[{"embeddable":true,"href":"https:\/\/tvtecjundiai.com.br\/news\/wp-json\/wp\/v2\/comments?post=42514"}],"version-history":[{"count":1,"href":"https:\/\/tvtecjundiai.com.br\/news\/wp-json\/wp\/v2\/posts\/42514\/revisions"}],"predecessor-version":[{"id":42517,"href":"https:\/\/tvtecjundiai.com.br\/news\/wp-json\/wp\/v2\/posts\/42514\/revisions\/42517"}],"wp:featuredmedia":[{"embeddable":true,"href":"https:\/\/tvtecjundiai.com.br\/news\/wp-json\/wp\/v2\/media\/42516"}],"wp:attachment":[{"href":"https:\/\/tvtecjundiai.com.br\/news\/wp-json\/wp\/v2\/media?parent=42514"}],"wp:term":[{"taxonomy":"category","embeddable":true,"href":"https:\/\/tvtecjundiai.com.br\/news\/wp-json\/wp\/v2\/categories?post=42514"},{"taxonomy":"post_tag","embeddable":true,"href":"https:\/\/tvtecjundiai.com.br\/news\/wp-json\/wp\/v2\/tags?post=42514"}],"curies":[{"name":"wp","href":"https:\/\/api.w.org\/{rel}","templated":true}]}}