{"id":42593,"date":"2019-12-10T12:34:00","date_gmt":"2019-12-10T14:34:00","guid":{"rendered":"https:\/\/tvtecjundiai.com.br\/news\/?p=42593"},"modified":"2019-12-10T12:35:09","modified_gmt":"2019-12-10T14:35:09","slug":"prova-para-tecnico-em-operacao-de-saneamento-da-dae-sera-dia-15-12","status":"publish","type":"post","link":"https:\/\/tvtecjundiai.com.br\/news\/2019\/12\/10\/prova-para-tecnico-em-operacao-de-saneamento-da-dae-sera-dia-15-12\/","title":{"rendered":"Prova para T\u00e9cnico em Opera\u00e7\u00e3o de Saneamento da DAE ser\u00e1 dia 15\/12"},"content":{"rendered":"<p>A DAE Jundia\u00ed informa que, conforme o Edital n\u00ba 11\/2019, publicado no site da empresa e na <em>Imprensa Oficial do Munic\u00edpio<\/em> de 6 de dezembro de 2019, a prova objetiva para a Sele\u00e7\u00e3o Competitiva Externa para contrata\u00e7\u00e3o tempor\u00e1ria de T\u00e9cnico em Opera\u00e7\u00e3o de Saneamento ser\u00e1 realizada no pr\u00f3ximo dia 15 de dezembro, \u00e0s 8 horas, na sede da empresa (avenida Alexandre Ludke, 1.500, Vila Bandeirantes).<\/p>\n<p><a href=\"https:\/\/tvtecjundiai.com.br\/news\/wp-content\/uploads\/sites\/2\/2019\/12\/dae-sede.jpg\"><img loading=\"lazy\" decoding=\"async\" class=\"size-medium wp-image-42594 alignright\" src=\"https:\/\/tvtecjundiai.com.br\/news\/wp-content\/uploads\/sites\/2\/2019\/12\/dae-sede-300x168.jpg\" alt=\"\" width=\"300\" height=\"168\" srcset=\"https:\/\/tvtecjundiai.com.br\/news\/wp-content\/uploads\/sites\/2\/2019\/12\/dae-sede-300x168.jpg 300w, https:\/\/tvtecjundiai.com.br\/news\/wp-content\/uploads\/sites\/2\/2019\/12\/dae-sede.jpg 739w\" sizes=\"auto, (max-width: 300px) 100vw, 300px\" \/><\/a><\/p>\n<p>Os candidatos dever\u00e3o comparecer ao local com anteced\u00eancia m\u00ednima de 30 minutos do in\u00edcio da prova, portando o comprovante de inscri\u00e7\u00e3o original e um documento de identifica\u00e7\u00e3o com foto. \u00c9 necess\u00e1rio trazer l\u00e1pis, borracha e caneta esferogr\u00e1fica de tinta preta ou azul.<\/p>\n<p>A prova ter\u00e1 dura\u00e7\u00e3o de at\u00e9 duas horas. Mais informa\u00e7\u00f5es podem ser obtidas no link https:\/\/daejundiai.com.br\/contratacao-temporaria\/<\/p>\n<p><em>(Fonte e imagem: DAE)<\/em><\/p>\n","protected":false},"excerpt":{"rendered":"<p>A prova ter\u00e1 dura\u00e7\u00e3o de at\u00e9 duas horas<\/p>\n","protected":false},"author":8,"featured_media":42594,"comment_status":"closed","ping_status":"closed","sticky":false,"template":"","format":"standard","meta":{"footnotes":""},"categories":[2829,5038,1],"tags":[6146],"class_list":["post-42593","post","type-post","status-publish","format-standard","has-post-thumbnail","hentry","category-economia","category-emprego","category-noticias","tag-concurso-dae-jundiai"],"_links":{"self":[{"href":"https:\/\/tvtecjundiai.com.br\/news\/wp-json\/wp\/v2\/posts\/42593","targetHints":{"allow":["GET"]}}],"collection":[{"href":"https:\/\/tvtecjundiai.com.br\/news\/wp-json\/wp\/v2\/posts"}],"about":[{"href":"https:\/\/tvtecjundiai.com.br\/news\/wp-json\/wp\/v2\/types\/post"}],"author":[{"embeddable":true,"href":"https:\/\/tvtecjundiai.com.br\/news\/wp-json\/wp\/v2\/users\/8"}],"replies":[{"embeddable":true,"href":"https:\/\/tvtecjundiai.com.br\/news\/wp-json\/wp\/v2\/comments?post=42593"}],"version-history":[{"count":2,"href":"https:\/\/tvtecjundiai.com.br\/news\/wp-json\/wp\/v2\/posts\/42593\/revisions"}],"predecessor-version":[{"id":42596,"href":"https:\/\/tvtecjundiai.com.br\/news\/wp-json\/wp\/v2\/posts\/42593\/revisions\/42596"}],"wp:featuredmedia":[{"embeddable":true,"href":"https:\/\/tvtecjundiai.com.br\/news\/wp-json\/wp\/v2\/media\/42594"}],"wp:attachment":[{"href":"https:\/\/tvtecjundiai.com.br\/news\/wp-json\/wp\/v2\/media?parent=42593"}],"wp:term":[{"taxonomy":"category","embeddable":true,"href":"https:\/\/tvtecjundiai.com.br\/news\/wp-json\/wp\/v2\/categories?post=42593"},{"taxonomy":"post_tag","embeddable":true,"href":"https:\/\/tvtecjundiai.com.br\/news\/wp-json\/wp\/v2\/tags?post=42593"}],"curies":[{"name":"wp","href":"https:\/\/api.w.org\/{rel}","templated":true}]}}