{"id":42597,"date":"2019-12-10T12:38:56","date_gmt":"2019-12-10T14:38:56","guid":{"rendered":"https:\/\/tvtecjundiai.com.br\/news\/?p=42597"},"modified":"2019-12-10T12:38:56","modified_gmt":"2019-12-10T14:38:56","slug":"nova-linha-587-comeca-a-operar-na-segunda-feira-16","status":"publish","type":"post","link":"https:\/\/tvtecjundiai.com.br\/news\/2019\/12\/10\/nova-linha-587-comeca-a-operar-na-segunda-feira-16\/","title":{"rendered":"Nova linha 587 come\u00e7a a operar na segunda-feira (16)"},"content":{"rendered":"<p>A Unidade de Gest\u00e3o de Mobilidade e Transporte (UGMT) de Jundia\u00ed colocar\u00e1 em opera\u00e7\u00e3o na pr\u00f3xima segunda-feira (16) a linha 587 (Terminal Rami \u2013 Santa Marta). Ser\u00e1 a 87\u00aa da cidade.<\/p>\n<div id=\"attachment_240948\" style=\"width: 328px\" class=\"wp-caption alignright\"><img loading=\"lazy\" decoding=\"async\" aria-describedby=\"caption-attachment-240948\" class=\"wp-image-240948\" src=\"https:\/\/jundiai.sp.gov.br\/noticias\/wp-content\/uploads\/sites\/32\/2019\/12\/movimentacao_onibus-206-1280x854.jpg\" sizes=\"auto, (max-width: 1024px) 100vw, 1024px\" srcset=\"https:\/\/jundiai.sp.gov.br\/noticias\/wp-content\/uploads\/sites\/32\/2019\/12\/movimentacao_onibus-206-1280x854.jpg 1280w, https:\/\/jundiai.sp.gov.br\/noticias\/wp-content\/uploads\/sites\/32\/2019\/12\/movimentacao_onibus-206-300x200.jpg 300w, https:\/\/jundiai.sp.gov.br\/noticias\/wp-content\/uploads\/sites\/32\/2019\/12\/movimentacao_onibus-206-768x513.jpg 768w, https:\/\/jundiai.sp.gov.br\/noticias\/wp-content\/uploads\/sites\/32\/2019\/12\/movimentacao_onibus-206-450x300.jpg 450w, https:\/\/jundiai.sp.gov.br\/noticias\/wp-content\/uploads\/sites\/32\/2019\/12\/movimentacao_onibus-206.jpg 1323w\" alt=\"Linha 587 (Terminal Rami - Santa Marta) vai operar com dois itiner\u00e1rios\" width=\"318\" height=\"213\" aria-describedby=\"caption-attachment-240948\" \/><p id=\"caption-attachment-240948\" class=\"wp-caption-text\">Linha 587 (Terminal Rami \u2013 Santa Marta) vai operar com dois itiner\u00e1rios<\/p><\/div>\n<p>A nova linha ir\u00e1 operar com dois itiner\u00e1rios, sendo um via Santa Clara (A) e outro via Santa Clara e Escola Estadual Rafael Mauro (B), que circular\u00e1 nos dias \u00fateis durante o per\u00edodo letivo.<\/p>\n<p>De segunda a sexta-feira, ser\u00e3o sete viagens distribu\u00eddas entre 5h20 e 19h30. Aos s\u00e1bados, ser\u00e3o oferecidas tr\u00eas op\u00e7\u00f5es de viagem a partir do terminal Rami: 6h30, 14h30 e 18h. Aos domingos, est\u00e3o programadas viagens \u00e0s 7h20 e 16h30.<\/p>\n<p>A UGMT ir\u00e1 monitorar a opera\u00e7\u00e3o e utiliza\u00e7\u00e3o da linha e ajustes poder\u00e3o ser feitos de acordo com a demanda de passageiros e\/ou solicita\u00e7\u00f5es dos usu\u00e1rios.<\/p>\n<p>A nova tabela hor\u00e1ria estar\u00e1 dispon\u00edvel no Terminal Rami e no site da Prefeitura de Jundia\u00ed \u2013 www.jundiai.sp.gov.br.<\/p>\n","protected":false},"excerpt":{"rendered":"<p>Ela vai operar via Santa Clara (A) e via Santa Clara e Escola Estadual Rafael Mauro (B)<\/p>\n","protected":false},"author":8,"featured_media":41382,"comment_status":"closed","ping_status":"closed","sticky":false,"template":"","format":"standard","meta":{"footnotes":""},"categories":[2829,5697,1],"tags":[6147],"class_list":["post-42597","post","type-post","status-publish","format-standard","has-post-thumbnail","hentry","category-economia","category-mobilidade-noticias","category-noticias","tag-linha-santa-clara"],"_links":{"self":[{"href":"https:\/\/tvtecjundiai.com.br\/news\/wp-json\/wp\/v2\/posts\/42597","targetHints":{"allow":["GET"]}}],"collection":[{"href":"https:\/\/tvtecjundiai.com.br\/news\/wp-json\/wp\/v2\/posts"}],"about":[{"href":"https:\/\/tvtecjundiai.com.br\/news\/wp-json\/wp\/v2\/types\/post"}],"author":[{"embeddable":true,"href":"https:\/\/tvtecjundiai.com.br\/news\/wp-json\/wp\/v2\/users\/8"}],"replies":[{"embeddable":true,"href":"https:\/\/tvtecjundiai.com.br\/news\/wp-json\/wp\/v2\/comments?post=42597"}],"version-history":[{"count":1,"href":"https:\/\/tvtecjundiai.com.br\/news\/wp-json\/wp\/v2\/posts\/42597\/revisions"}],"predecessor-version":[{"id":42599,"href":"https:\/\/tvtecjundiai.com.br\/news\/wp-json\/wp\/v2\/posts\/42597\/revisions\/42599"}],"wp:featuredmedia":[{"embeddable":true,"href":"https:\/\/tvtecjundiai.com.br\/news\/wp-json\/wp\/v2\/media\/41382"}],"wp:attachment":[{"href":"https:\/\/tvtecjundiai.com.br\/news\/wp-json\/wp\/v2\/media?parent=42597"}],"wp:term":[{"taxonomy":"category","embeddable":true,"href":"https:\/\/tvtecjundiai.com.br\/news\/wp-json\/wp\/v2\/categories?post=42597"},{"taxonomy":"post_tag","embeddable":true,"href":"https:\/\/tvtecjundiai.com.br\/news\/wp-json\/wp\/v2\/tags?post=42597"}],"curies":[{"name":"wp","href":"https:\/\/api.w.org\/{rel}","templated":true}]}}