{"id":42612,"date":"2019-12-10T13:44:06","date_gmt":"2019-12-10T15:44:06","guid":{"rendered":"https:\/\/tvtecjundiai.com.br\/news\/?p=42612"},"modified":"2019-12-10T13:44:06","modified_gmt":"2019-12-10T15:44:06","slug":"pm-da-dicas-para-evitar-furtos-durante-as-compras-noturnas-de-natal","status":"publish","type":"post","link":"https:\/\/tvtecjundiai.com.br\/news\/2019\/12\/10\/pm-da-dicas-para-evitar-furtos-durante-as-compras-noturnas-de-natal\/","title":{"rendered":"PM d\u00e1 dicas para evitar furtos durante as compras noturnas de Natal"},"content":{"rendered":"<div class=\"mc-column content-text active-extra-styles \" data-block-type=\"unstyled\" data-block-weight=\"28\" data-block-id=\"2\">\n<p class=\"content-text__container \" data-track-category=\"Link no Texto\" data-track-links=\"\">As lojas do com\u00e9rcio est\u00e3o abertas at\u00e9 as 22 horas desde o dia 1\u00ba de dezembro em Jundia\u00ed. De acordo com o capit\u00e3o F\u00e1bio Haro, da Pol\u00edcia Militar, no per\u00edodo de compras natalinas, a PM e a Guarda Civil Municipal est\u00e3o redobrando a aten\u00e7\u00e3o, mas os moradores tamb\u00e9m devem cuidar dos seus pertences.<\/p>\n<\/div>\n<div class=\"wall protected-content\">\n<div class=\"mc-column content-text active-extra-styles \" data-block-type=\"unstyled\" data-block-weight=\"41\" data-block-id=\"4\">\n<div id=\"attachment_42617\" style=\"width: 510px\" class=\"wp-caption alignleft\"><a href=\"https:\/\/tvtecjundiai.com.br\/news\/wp-content\/uploads\/sites\/2\/2019\/12\/Centro-de-Jundia\u00ed-\u00e0-noite-1.png\"><img loading=\"lazy\" decoding=\"async\" aria-describedby=\"caption-attachment-42617\" class=\"wp-image-42617\" src=\"https:\/\/tvtecjundiai.com.br\/news\/wp-content\/uploads\/sites\/2\/2019\/12\/Centro-de-Jundia\u00ed-\u00e0-noite-1.png\" alt=\"\" width=\"500\" height=\"281\" srcset=\"https:\/\/tvtecjundiai.com.br\/news\/wp-content\/uploads\/sites\/2\/2019\/12\/Centro-de-Jundia\u00ed-\u00e0-noite-1.png 1068w, https:\/\/tvtecjundiai.com.br\/news\/wp-content\/uploads\/sites\/2\/2019\/12\/Centro-de-Jundia\u00ed-\u00e0-noite-1-300x169.png 300w, https:\/\/tvtecjundiai.com.br\/news\/wp-content\/uploads\/sites\/2\/2019\/12\/Centro-de-Jundia\u00ed-\u00e0-noite-1-768x432.png 768w\" sizes=\"auto, (max-width: 500px) 100vw, 500px\" \/><\/a><p id=\"caption-attachment-42617\" class=\"wp-caption-text\">Lojas do com\u00e9rcio est\u00e3o abertas at\u00e9 as 22 horas desde o dia 1\u00ba de dezembro em Jundia\u00ed<\/p><\/div>\n<p class=\"content-text__container \" data-track-category=\"Link no Texto\" data-track-links=\"\">&#8220;Recomendamos que bolsas e sacolas fiquem \u00e0 frente do corpo e que as pessoas evitem locais com grandes aglomera\u00e7\u00f5es, porque os furtadores se aproveitam destes locais para distrair o cidad\u00e3o e tomar dele carteira, celular e outros itens de valor&#8221;, explica.<\/p>\n<div class=\"mc-column content-text active-extra-styles \" data-block-type=\"unstyled\" data-block-weight=\"27\" data-block-id=\"7\">\n<p class=\"content-text__container \" data-track-category=\"Link no Texto\" data-track-links=\"\">O capit\u00e3o diz ainda que a a\u00e7\u00e3o \u00e9 comum e que os criminosos trabalham em conjunto. Enquanto um deles cria uma distra\u00e7\u00e3o, o outro furta o objeto. &#8220;A gente recomenda que a pessoa n\u00e3o venha sozinha [ao Centro da cidade], que traga um amigo ou familiar, e isso vai melhorar a seguran\u00e7a dela durante as compras&#8221;, conclui.<\/p>\n<\/div>\n<div class=\"mc-column content-text active-extra-styles \" data-block-type=\"unstyled\" data-block-weight=\"20\" data-block-id=\"9\">\n<p class=\"content-text__container \" data-track-category=\"Link no Texto\" data-track-links=\"\">Em qualquer situa\u00e7\u00e3o suspeita, a pol\u00edcia orienta que o consumidor ligue para o telefone 190 e fa\u00e7a uma den\u00fancia.<\/p>\n<p data-track-category=\"Link no Texto\" data-track-links=\"\"><em>(Fonte: G1. Imagem: Reprodu\u00e7\u00e3o TVTEC)<\/em><\/p>\n<\/div>\n<\/div>\n<\/div>\n","protected":false},"excerpt":{"rendered":"<p>Lojas do com\u00e9rcio est\u00e3o abertas at\u00e9 as 22 horas desde o dia 1\u00ba de dezembro em Jundia\u00ed<\/p>\n","protected":false},"author":10,"featured_media":42616,"comment_status":"closed","ping_status":"closed","sticky":false,"template":"","format":"standard","meta":{"footnotes":""},"categories":[2834,4831],"tags":[],"class_list":["post-42612","post","type-post","status-publish","format-standard","has-post-thumbnail","hentry","category-cidades","category-seguranca"],"_links":{"self":[{"href":"https:\/\/tvtecjundiai.com.br\/news\/wp-json\/wp\/v2\/posts\/42612","targetHints":{"allow":["GET"]}}],"collection":[{"href":"https:\/\/tvtecjundiai.com.br\/news\/wp-json\/wp\/v2\/posts"}],"about":[{"href":"https:\/\/tvtecjundiai.com.br\/news\/wp-json\/wp\/v2\/types\/post"}],"author":[{"embeddable":true,"href":"https:\/\/tvtecjundiai.com.br\/news\/wp-json\/wp\/v2\/users\/10"}],"replies":[{"embeddable":true,"href":"https:\/\/tvtecjundiai.com.br\/news\/wp-json\/wp\/v2\/comments?post=42612"}],"version-history":[{"count":1,"href":"https:\/\/tvtecjundiai.com.br\/news\/wp-json\/wp\/v2\/posts\/42612\/revisions"}],"predecessor-version":[{"id":42618,"href":"https:\/\/tvtecjundiai.com.br\/news\/wp-json\/wp\/v2\/posts\/42612\/revisions\/42618"}],"wp:featuredmedia":[{"embeddable":true,"href":"https:\/\/tvtecjundiai.com.br\/news\/wp-json\/wp\/v2\/media\/42616"}],"wp:attachment":[{"href":"https:\/\/tvtecjundiai.com.br\/news\/wp-json\/wp\/v2\/media?parent=42612"}],"wp:term":[{"taxonomy":"category","embeddable":true,"href":"https:\/\/tvtecjundiai.com.br\/news\/wp-json\/wp\/v2\/categories?post=42612"},{"taxonomy":"post_tag","embeddable":true,"href":"https:\/\/tvtecjundiai.com.br\/news\/wp-json\/wp\/v2\/tags?post=42612"}],"curies":[{"name":"wp","href":"https:\/\/api.w.org\/{rel}","templated":true}]}}