{"id":42669,"date":"2019-12-11T11:56:17","date_gmt":"2019-12-11T13:56:17","guid":{"rendered":"https:\/\/tvtecjundiai.com.br\/news\/?p=42669"},"modified":"2019-12-11T11:56:39","modified_gmt":"2019-12-11T13:56:39","slug":"terminal-rodoviario-de-jundiai-faz-envio-gratuito-de-cartoes-de-natal","status":"publish","type":"post","link":"https:\/\/tvtecjundiai.com.br\/news\/2019\/12\/11\/terminal-rodoviario-de-jundiai-faz-envio-gratuito-de-cartoes-de-natal\/","title":{"rendered":"Terminal Rodovi\u00e1rio de Jundia\u00ed faz envio gratuito de cart\u00f5es de natal"},"content":{"rendered":"<p>Quem passar pelo Terminal Rodovi\u00e1rio Jos\u00e9 Alvez at\u00e9 o dia 21 de dezembro, poder\u00e1 aproveitar para enviar cart\u00f5es de natal para amigos e entes queridos.\u00a0Buscando espalhar o esp\u00edrito natalino por todos os cantos do Brasil, a Socicam, concession\u00e1ria que administra o terminal, promove a 19\u00aa edi\u00e7\u00e3o da <strong>Campanha Cart\u00e3o Social Socicam<\/strong>, que viabiliza o envio de mensagens gratuitas no per\u00edodo que antecede uma das celebra\u00e7\u00f5es mais aguardadas do ano.<u><\/u><u><\/u><\/p>\n<div id=\"attachment_42672\" style=\"width: 521px\" class=\"wp-caption alignright\"><a href=\"https:\/\/tvtecjundiai.com.br\/news\/wp-content\/uploads\/sites\/2\/2019\/12\/cart\u00e3o-de-natal-criativo-para-imprimir-2019.jpg\"><img loading=\"lazy\" decoding=\"async\" aria-describedby=\"caption-attachment-42672\" class=\"wp-image-42672\" src=\"https:\/\/tvtecjundiai.com.br\/news\/wp-content\/uploads\/sites\/2\/2019\/12\/cart\u00e3o-de-natal-criativo-para-imprimir-2019-300x300.jpg\" alt=\"\" width=\"511\" height=\"511\" srcset=\"https:\/\/tvtecjundiai.com.br\/news\/wp-content\/uploads\/sites\/2\/2019\/12\/cart\u00e3o-de-natal-criativo-para-imprimir-2019-300x300.jpg 300w, https:\/\/tvtecjundiai.com.br\/news\/wp-content\/uploads\/sites\/2\/2019\/12\/cart\u00e3o-de-natal-criativo-para-imprimir-2019-100x100.jpg 100w, https:\/\/tvtecjundiai.com.br\/news\/wp-content\/uploads\/sites\/2\/2019\/12\/cart\u00e3o-de-natal-criativo-para-imprimir-2019.jpg 626w\" sizes=\"auto, (max-width: 511px) 100vw, 511px\" \/><\/a><p id=\"caption-attachment-42672\" class=\"wp-caption-text\">Envio de cart\u00f5es natalinos \u00e9 gratuito<\/p><\/div>\n<p>Para participar, basta informar o destinat\u00e1rio basta informar o destinat\u00e1rio e a mensagem aos volunt\u00e1rios que estar\u00e3o alocados no mezanino do terminal, a postos para atender e auxiliar o p\u00fablico. A Socicam, por sua vez, se encarrega de disponibilizar os cart\u00f5es e custear o servi\u00e7o de envio para que as mensagens cheguem at\u00e9 os destinat\u00e1rios.<u><\/u><u><\/u><\/p>\n<p>Mesmo com o sucesso das redes sociais e aplicativos de mensagens instant\u00e2neas, pelos quais pessoas de todos os lugares se conectam simultaneamente e em tempo real, a simbologia do cart\u00e3o de Natal permanece intacta, despertando sentimentos nost\u00e1lgicos tanto em quem manda quanto em quem recebe.<u><\/u><u><\/u><\/p>\n<p>Ao longo dos anos, a tradicional a\u00e7\u00e3o j\u00e1 alcan\u00e7ou mais de 68 mil pessoas e a expectativa \u00e9 que, em 2019, cerca de cinco mil encaminhem seus votos de boas festas para as mais diversas cidades do pa\u00eds.\u00a0 S\u00f3 no Terminal Rodovi\u00e1rio de Jundia\u00ed, j\u00e1 foram enviados mais de 600 cart\u00f5es de Natal desde o in\u00edcio da participa\u00e7\u00e3o do empreendimento na a\u00e7\u00e3o, provando a representatividade de recorda\u00e7\u00f5es f\u00edsicas e evidenciando que a valoriza\u00e7\u00e3o de gestos de amor e generosidade \u00e9 atemporal.<u><\/u><u><\/u><\/p>\n<p><strong>SERVI\u00c7O:<\/strong><\/p>\n<p><strong>19\u00aa Edi\u00e7\u00e3o do Cart\u00e3o Social Socicam<\/strong><br \/>\n<strong>Local:<\/strong> Terminal Rodovi\u00e1rio Jos\u00e9 Alvez<br \/>\n<strong>Data:<\/strong> de 9 a 21 de dezembro de 2019<br \/>\n<strong>Hor\u00e1rio:<\/strong> de segunda a sexta-feira, das 16 \u00e0s 20 horas<\/p>\n<p><em>(Fonte: Assessoria de Imprensa\/Imagem: Reprodu\u00e7\u00e3o)<\/em><\/p>\n","protected":false},"excerpt":{"rendered":"<p>A\u00e7\u00e3o vai at\u00e9 o dia 21 de dezembro no Terminal Jos\u00e9 Alvez <\/p>\n","protected":false},"author":13,"featured_media":42673,"comment_status":"closed","ping_status":"closed","sticky":false,"template":"","format":"standard","meta":{"footnotes":""},"categories":[2834,1],"tags":[6149,742],"class_list":["post-42669","post","type-post","status-publish","format-standard","has-post-thumbnail","hentry","category-cidades","category-noticias","tag-cartao-social","tag-natal"],"_links":{"self":[{"href":"https:\/\/tvtecjundiai.com.br\/news\/wp-json\/wp\/v2\/posts\/42669","targetHints":{"allow":["GET"]}}],"collection":[{"href":"https:\/\/tvtecjundiai.com.br\/news\/wp-json\/wp\/v2\/posts"}],"about":[{"href":"https:\/\/tvtecjundiai.com.br\/news\/wp-json\/wp\/v2\/types\/post"}],"author":[{"embeddable":true,"href":"https:\/\/tvtecjundiai.com.br\/news\/wp-json\/wp\/v2\/users\/13"}],"replies":[{"embeddable":true,"href":"https:\/\/tvtecjundiai.com.br\/news\/wp-json\/wp\/v2\/comments?post=42669"}],"version-history":[{"count":2,"href":"https:\/\/tvtecjundiai.com.br\/news\/wp-json\/wp\/v2\/posts\/42669\/revisions"}],"predecessor-version":[{"id":42675,"href":"https:\/\/tvtecjundiai.com.br\/news\/wp-json\/wp\/v2\/posts\/42669\/revisions\/42675"}],"wp:featuredmedia":[{"embeddable":true,"href":"https:\/\/tvtecjundiai.com.br\/news\/wp-json\/wp\/v2\/media\/42673"}],"wp:attachment":[{"href":"https:\/\/tvtecjundiai.com.br\/news\/wp-json\/wp\/v2\/media?parent=42669"}],"wp:term":[{"taxonomy":"category","embeddable":true,"href":"https:\/\/tvtecjundiai.com.br\/news\/wp-json\/wp\/v2\/categories?post=42669"},{"taxonomy":"post_tag","embeddable":true,"href":"https:\/\/tvtecjundiai.com.br\/news\/wp-json\/wp\/v2\/tags?post=42669"}],"curies":[{"name":"wp","href":"https:\/\/api.w.org\/{rel}","templated":true}]}}