{"id":42670,"date":"2019-12-11T20:44:50","date_gmt":"2019-12-11T22:44:50","guid":{"rendered":"https:\/\/tvtecjundiai.com.br\/news\/?p=42670"},"modified":"2019-12-12T10:24:04","modified_gmt":"2019-12-12T12:24:04","slug":"tvtec-encerra-ano-com-formatura-e-4200-vagas-oferecidas","status":"publish","type":"post","link":"https:\/\/tvtecjundiai.com.br\/news\/2019\/12\/11\/tvtec-encerra-ano-com-formatura-e-4200-vagas-oferecidas\/","title":{"rendered":"TVTEC encerra ano com 15.\u00aa formatura e 4200 vagas oferecidas"},"content":{"rendered":"<p>A TVTEC encerrou seu ano letivo nesta quarta-feira (11) com a diploma\u00e7\u00e3o de 30 alunos nos cursos de <em>Edi\u00e7\u00e3o e Tratamento de Imagem<\/em>, <em>Edi\u00e7\u00e3o de V\u00eddeo para Redes Sociais<\/em> e <em>Fotografia Digital &#8211; <\/em>em sua 15.\u00aa formatura. O evento come\u00e7ou pontualmente \u00e0s 19h30, no Beco do Michael, no Complexo Educacional e Cultural Argos.<\/p>\n<div id=\"attachment_42752\" style=\"width: 478px\" class=\"wp-caption alignright\"><a href=\"https:\/\/tvtecjundiai.com.br\/news\/wp-content\/uploads\/sites\/2\/2019\/12\/15-formatura-1.jpeg\"><img loading=\"lazy\" decoding=\"async\" aria-describedby=\"caption-attachment-42752\" class=\"wp-image-42752\" src=\"https:\/\/tvtecjundiai.com.br\/news\/wp-content\/uploads\/sites\/2\/2019\/12\/15-formatura-1-300x225.jpeg\" alt=\"\" width=\"468\" height=\"351\" srcset=\"https:\/\/tvtecjundiai.com.br\/news\/wp-content\/uploads\/sites\/2\/2019\/12\/15-formatura-1-300x225.jpeg 300w, https:\/\/tvtecjundiai.com.br\/news\/wp-content\/uploads\/sites\/2\/2019\/12\/15-formatura-1-768x576.jpeg 768w, https:\/\/tvtecjundiai.com.br\/news\/wp-content\/uploads\/sites\/2\/2019\/12\/15-formatura-1-1200x900.jpeg 1200w, https:\/\/tvtecjundiai.com.br\/news\/wp-content\/uploads\/sites\/2\/2019\/12\/15-formatura-1.jpeg 1280w\" sizes=\"auto, (max-width: 468px) 100vw, 468px\" \/><\/a><p id=\"caption-attachment-42752\" class=\"wp-caption-text\">O audit\u00f3rio assistiu atento a apresenta\u00e7\u00e3o dos trabalhos dos alunos<\/p><\/div>\n<p>Desde que come\u00e7ou a funcionar, em 2017,\u00a0 como TVTEC, plataforma multim\u00eddia da Prefeitura de Jundia\u00ed e primeira escola p\u00fablica gratuita do Pa\u00eds em Tecnologia Digital e Produ\u00e7\u00e3o Audiovisual, a emissora ofereceu 4200 vagas em 45 cursos gratuitos.<\/p>\n<p>O professor Francesco Bordignon, diretor da Fatec Jundia\u00ed, representou as professoras Laura Lagan\u00e1 ,\u00a0 \u00a0e Clara Magalh\u00e3es, respectivamente diretora-superintendente e coordenadora t\u00e9cnica do Centro Paula Souza (CPS).<\/p>\n<p>&#8220;Para n\u00f3s, trata-se de um evento bastante importante, a forma\u00e7\u00e3o de mais uma turma, fruto do conv\u00eanio bastante positivo, fonte de muitos frutos, a partir de um acordo entre a Prefeitura de Jundia\u00ed, a TVTEC e o Centro Paula Souza&#8221;, comentou.<\/p>\n<p>&#8220;Esses cursos r\u00e1pidos s\u00e3o uma tend\u00eancia mundial e extremamente eficientes para permitir a inser\u00e7\u00e3o das pessoas no mercado de trabalho, sem ter que passar por um longo per\u00edodo num curso superior&#8221;, avalia o professor Franceso.<\/p>\n<div id=\"attachment_42749\" style=\"width: 474px\" class=\"wp-caption alignright\"><a href=\"https:\/\/tvtecjundiai.com.br\/news\/wp-content\/uploads\/sites\/2\/2019\/12\/francesco-fatec-jundiai.jpg\"><img loading=\"lazy\" decoding=\"async\" aria-describedby=\"caption-attachment-42749\" class=\"wp-image-42749\" src=\"https:\/\/tvtecjundiai.com.br\/news\/wp-content\/uploads\/sites\/2\/2019\/12\/francesco-fatec-jundiai-300x225.jpg\" alt=\"\" width=\"464\" height=\"348\" srcset=\"https:\/\/tvtecjundiai.com.br\/news\/wp-content\/uploads\/sites\/2\/2019\/12\/francesco-fatec-jundiai-300x225.jpg 300w, https:\/\/tvtecjundiai.com.br\/news\/wp-content\/uploads\/sites\/2\/2019\/12\/francesco-fatec-jundiai-768x576.jpg 768w, https:\/\/tvtecjundiai.com.br\/news\/wp-content\/uploads\/sites\/2\/2019\/12\/francesco-fatec-jundiai-1200x900.jpg 1200w, https:\/\/tvtecjundiai.com.br\/news\/wp-content\/uploads\/sites\/2\/2019\/12\/francesco-fatec-jundiai.jpg 1280w\" sizes=\"auto, (max-width: 464px) 100vw, 464px\" \/><\/a><p id=\"caption-attachment-42749\" class=\"wp-caption-text\">O diretor da Fatec Jundia\u00ed representou a alta dire\u00e7\u00e3o do Centro Paula Souza na formatura<\/p><\/div>\n<p>Nas considera\u00e7\u00f5es feitas aos formandos, a superintendente da TVTEC, jornalista M\u00f4nica Gropelo, disse acreditar que o ano foi fechado com a certeza de que o desafio de se fazer uma nova ocupa\u00e7\u00e3o no espa\u00e7o da televis\u00e3o p\u00fabica, no Complexo Argos, est\u00e1 sendo vencido a passos largos.<\/p>\n<p>&#8220;A TVTEC \u00e9 um projeto inovador no Pa\u00eds. Nasceu como alternativa para vencer o desafio de dar utilidade efetiva para uma tev\u00ea p\u00fablica. \u00c9 um exemplo, modelo para todas as emissoras p\u00fablicas do Brasil que precisam passar por esse reposicionamento&#8221;, ponderou a jornalista.<\/p>\n<p>M\u00f4nica recorda que a \u00a0TVTEC \u00e9 hoje uma multiplataforma criativa, inovadora, que atende a produ\u00e7\u00e3o de conte\u00fado, presta\u00e7\u00e3o de servi\u00e7o de utilidade p\u00fablica e \u00e0 sociedade com cursos de qualifica\u00e7\u00e3o em m\u00eddias digitais que estimulam a economia criativa. &#8220;Pode ser considerada uma das boas pr\u00e1ticas do interior do Estado de S\u00e3o Paulo para ocupa\u00e7\u00e3o planejada e inteligente de espa\u00e7os p\u00fablicos antes vocacionados s\u00f3 como emissoras. \u00c9 um projeto pioneiro no Pa\u00eds e vence o desafio de dar rumo a si mesma e para as tev\u00eas p\u00fablicas. Ela surge como modelo, uma alternativa especial&#8221;, garante a superintendente da TVTEC.<\/p>\n<div id=\"attachment_42754\" style=\"width: 475px\" class=\"wp-caption alignright\"><a href=\"https:\/\/tvtecjundiai.com.br\/news\/wp-content\/uploads\/sites\/2\/2019\/12\/monica.jpg\"><img loading=\"lazy\" decoding=\"async\" aria-describedby=\"caption-attachment-42754\" class=\"wp-image-42754\" src=\"https:\/\/tvtecjundiai.com.br\/news\/wp-content\/uploads\/sites\/2\/2019\/12\/monica-300x225.jpg\" alt=\"\" width=\"465\" height=\"349\" srcset=\"https:\/\/tvtecjundiai.com.br\/news\/wp-content\/uploads\/sites\/2\/2019\/12\/monica-300x225.jpg 300w, https:\/\/tvtecjundiai.com.br\/news\/wp-content\/uploads\/sites\/2\/2019\/12\/monica-768x576.jpg 768w, https:\/\/tvtecjundiai.com.br\/news\/wp-content\/uploads\/sites\/2\/2019\/12\/monica-1200x900.jpg 1200w, https:\/\/tvtecjundiai.com.br\/news\/wp-content\/uploads\/sites\/2\/2019\/12\/monica.jpg 1280w\" sizes=\"auto, (max-width: 465px) 100vw, 465px\" \/><\/a><p id=\"caption-attachment-42754\" class=\"wp-caption-text\">Para M\u00f4nica Gropelo, a emissora \u00e9 modelo de reposicionamento para as tev\u00eas p\u00fablicas do pa\u00eds<\/p><\/div>\n<p>Mariana Munarolo Batista, coordenadora dos cursos do Centro Paula Souza na TVTEC,\u00a0 tamb\u00e9m jornalista, garante que o ano est\u00e1 de 2019 est\u00e1 sendo fechado com chave de ouro &#8220;Ampliamos a oferta de cursos e workshops, batemos a marca de 4200 vagas oferecidas, atendendo assim \u00e0 demanda dos alunos e tamb\u00e9m de toda a popula\u00e7\u00e3o. Vamos voltar em janeiro com novidades em 2020&#8221;,\u00a0 adianta.<\/p>\n<p><em>(Por Pedro F\u00e1varo e Carol Ferreira)<\/em><\/p>\n<p><em>(Imagens: TVTEC)<\/em><\/p>\n<p>&nbsp;<\/p>\n","protected":false},"excerpt":{"rendered":"<p>Na cerim\u00f4nia desta quarta-feira (11), foram diplomados alunos de tr\u00eas cursos<\/p>\n","protected":false},"author":8,"featured_media":42753,"comment_status":"closed","ping_status":"closed","sticky":false,"template":"","format":"standard","meta":{"footnotes":""},"categories":[2832,29,2829,1,2835],"tags":[],"class_list":["post-42670","post","type-post","status-publish","format-standard","has-post-thumbnail","hentry","category-cursos","category-destaque","category-economia","category-noticias","category-tecnologia"],"_links":{"self":[{"href":"https:\/\/tvtecjundiai.com.br\/news\/wp-json\/wp\/v2\/posts\/42670","targetHints":{"allow":["GET"]}}],"collection":[{"href":"https:\/\/tvtecjundiai.com.br\/news\/wp-json\/wp\/v2\/posts"}],"about":[{"href":"https:\/\/tvtecjundiai.com.br\/news\/wp-json\/wp\/v2\/types\/post"}],"author":[{"embeddable":true,"href":"https:\/\/tvtecjundiai.com.br\/news\/wp-json\/wp\/v2\/users\/8"}],"replies":[{"embeddable":true,"href":"https:\/\/tvtecjundiai.com.br\/news\/wp-json\/wp\/v2\/comments?post=42670"}],"version-history":[{"count":18,"href":"https:\/\/tvtecjundiai.com.br\/news\/wp-json\/wp\/v2\/posts\/42670\/revisions"}],"predecessor-version":[{"id":42775,"href":"https:\/\/tvtecjundiai.com.br\/news\/wp-json\/wp\/v2\/posts\/42670\/revisions\/42775"}],"wp:featuredmedia":[{"embeddable":true,"href":"https:\/\/tvtecjundiai.com.br\/news\/wp-json\/wp\/v2\/media\/42753"}],"wp:attachment":[{"href":"https:\/\/tvtecjundiai.com.br\/news\/wp-json\/wp\/v2\/media?parent=42670"}],"wp:term":[{"taxonomy":"category","embeddable":true,"href":"https:\/\/tvtecjundiai.com.br\/news\/wp-json\/wp\/v2\/categories?post=42670"},{"taxonomy":"post_tag","embeddable":true,"href":"https:\/\/tvtecjundiai.com.br\/news\/wp-json\/wp\/v2\/tags?post=42670"}],"curies":[{"name":"wp","href":"https:\/\/api.w.org\/{rel}","templated":true}]}}