{"id":42705,"date":"2019-12-11T20:51:40","date_gmt":"2019-12-11T22:51:40","guid":{"rendered":"https:\/\/tvtecjundiai.com.br\/news\/?p=42705"},"modified":"2019-12-11T21:11:33","modified_gmt":"2019-12-11T23:11:33","slug":"cursos-da-tvtec-dao-retorno-positivo-para-alunos","status":"publish","type":"post","link":"https:\/\/tvtecjundiai.com.br\/news\/2019\/12\/11\/cursos-da-tvtec-dao-retorno-positivo-para-alunos\/","title":{"rendered":"Cursos da TVTEC d\u00e3o retorno positivo para alunos"},"content":{"rendered":"<div id=\"attachment_42709\" style=\"width: 328px\" class=\"wp-caption alignleft\"><a href=\"https:\/\/tvtecjundiai.com.br\/news\/wp-content\/uploads\/sites\/2\/2019\/12\/bispo-curso.jpg\"><img loading=\"lazy\" decoding=\"async\" aria-describedby=\"caption-attachment-42709\" class=\"wp-image-42709\" src=\"https:\/\/tvtecjundiai.com.br\/news\/wp-content\/uploads\/sites\/2\/2019\/12\/bispo-curso-300x225.jpg\" alt=\"\" width=\"318\" height=\"239\" srcset=\"https:\/\/tvtecjundiai.com.br\/news\/wp-content\/uploads\/sites\/2\/2019\/12\/bispo-curso-300x225.jpg 300w, https:\/\/tvtecjundiai.com.br\/news\/wp-content\/uploads\/sites\/2\/2019\/12\/bispo-curso-768x576.jpg 768w, https:\/\/tvtecjundiai.com.br\/news\/wp-content\/uploads\/sites\/2\/2019\/12\/bispo-curso-1200x900.jpg 1200w, https:\/\/tvtecjundiai.com.br\/news\/wp-content\/uploads\/sites\/2\/2019\/12\/bispo-curso.jpg 1280w\" sizes=\"auto, (max-width: 318px) 100vw, 318px\" \/><\/a><p id=\"caption-attachment-42709\" class=\"wp-caption-text\">Jansen na TVTEC\u00a0 durante curso que melhorou os resultados alcan\u00e7ados profissionalmente<\/p><\/div>\n<p>As turmas de alunos s\u00e3o sempre animadas. Os objetivos, muito parecidos: aprimorar conhecimentos, divulgar o trabalho e ampliar receitas, atualizar-se para fazer frente \u00e0s exig\u00eancias do mercado, ser enfim bem sucedido ou sucedida naquilo que empreende. &#8220;Hoje me dedico exclusivamente \u00e0 Fotografia. Mas estou concluindo o curso de <em>Edi\u00e7\u00e3o de V\u00eddeo para M\u00eddias Sociais <\/em>para atender uma demanda surgida com os cliente. Isso tem me dado um retorno muito legal, positivo, com novos contratos na \u00e1rea de v\u00eddeo&#8221;, comemora o formando Jansen Bispo do Santos.<\/p>\n<p>Os professores d\u00e3o o tom do entusiasmo. &#8220;Quer retorno melhor para um professor que estar junto da turma que se forma, comemorar junto?&#8221;, indaga a professora de Fotografia Digital, Grace Sanches, num sentimento compartilhado por todo o time docente da TVTEC. Veja abaixo depoimentos completos de alguns alunos e professore.<\/p>\n<p><em><strong>Giullia Andriotti, formanda em Edi\u00e7\u00e3o e Tratamento de Imagem<\/strong><\/em><\/p>\n<p>Esse \u00e9 o segundo curso que eu fa\u00e7o na TVTEC! Terminei agora o curso de <em>Edi\u00e7\u00e3o e Tratamento de Imagem. <\/em>Tinha feito o curso de <em>Fotografia Digital<\/em>. Gostei muito dos cursos, do conte\u00fado abordado e da did\u00e1tica dos professores. Eu aprendi bastante com a TVTEC.<\/p>\n<div id=\"attachment_42710\" style=\"width: 333px\" class=\"wp-caption alignright\"><a href=\"https:\/\/tvtecjundiai.com.br\/news\/wp-content\/uploads\/sites\/2\/2019\/12\/giullia-foto.jpg\"><img loading=\"lazy\" decoding=\"async\" aria-describedby=\"caption-attachment-42710\" class=\"wp-image-42710\" src=\"https:\/\/tvtecjundiai.com.br\/news\/wp-content\/uploads\/sites\/2\/2019\/12\/giullia-foto-300x200.jpg\" alt=\"\" width=\"323\" height=\"215\" srcset=\"https:\/\/tvtecjundiai.com.br\/news\/wp-content\/uploads\/sites\/2\/2019\/12\/giullia-foto-300x200.jpg 300w, https:\/\/tvtecjundiai.com.br\/news\/wp-content\/uploads\/sites\/2\/2019\/12\/giullia-foto-768x512.jpg 768w, https:\/\/tvtecjundiai.com.br\/news\/wp-content\/uploads\/sites\/2\/2019\/12\/giullia-foto.jpg 1200w\" sizes=\"auto, (max-width: 323px) 100vw, 323px\" \/><\/a><p id=\"caption-attachment-42710\" class=\"wp-caption-text\">Giullia faz os cursos para se manter atualizada e n\u00e3o perder espa\u00e7o no mercado de Jornalismo<\/p><\/div>\n<p>Eu sou formada em <em>Jornalismo<\/em> e pretendo usar os cursos para aprimorar meus conhecimentos. Ultimamente as empresas est\u00e3o exigindo cada vez mais dos comunicadores, tanto em conhecimento em softwares, m\u00eddias, entre outras coisas, ent\u00e3o a minha inten\u00e7\u00e3o \u00e9 me atualizar para o mercado!<\/p>\n<p><em><strong>Lucas Casalli,\u00a0 professor\u00a0<\/strong><\/em><\/p>\n<div id=\"attachment_42759\" style=\"width: 186px\" class=\"wp-caption alignleft\"><img loading=\"lazy\" decoding=\"async\" aria-describedby=\"caption-attachment-42759\" class=\"wp-image-42759\" src=\"https:\/\/tvtecjundiai.com.br\/news\/wp-content\/uploads\/sites\/2\/2019\/12\/lucas-300x375.jpg\" alt=\"\" width=\"176\" height=\"220\" srcset=\"https:\/\/tvtecjundiai.com.br\/news\/wp-content\/uploads\/sites\/2\/2019\/12\/lucas-300x375.jpg 300w, https:\/\/tvtecjundiai.com.br\/news\/wp-content\/uploads\/sites\/2\/2019\/12\/lucas.jpg 760w\" sizes=\"auto, (max-width: 176px) 100vw, 176px\" \/><p id=\"caption-attachment-42759\" class=\"wp-caption-text\">Para o professor Lucas, fazer parte do time da TVTEC \u00e9 gratificante<\/p><\/div>\n<p>Eu enxergo de um maneira positiva o que se faz na TVTEC, pois n\u00e3o conhe\u00e7o nenhuma institui\u00e7\u00e3o que tenha tantos cursos no audiovisual e com tanta qualidade. Para mim \u00e9 gratificante fazer parte dessa equipe e participar da\u00a0 formatura como professor da TVTEC.<br \/>\nEsta \u00e9 a minha terceira formatura, como professor. J\u00e1 tive algumas outras, ao longo dos meus seis anos ministrando cursos. Mas a turma de <em>Edi\u00e7\u00e3o e Tratamento de Imagem<\/em> \u00e9 sempre desafiadora, pois \u00e9 um curso onde desenvolvemos muito a criatividade e o senso cr\u00edtico.<\/p>\n<p>Ent\u00e3o, durante as aulas, n\u00f3s aprendemos os processos que s\u00e3o utilizados no dia a dia do editor de imagens, edi\u00e7\u00e3o de pele, colora\u00e7\u00e3o, remo\u00e7\u00e3o de fundo, montagem e etc. Mas durante esse percurso fazemos algumas din\u00e2micas para que os alunos aprendam a trabalhar em grupo e para que compartilhem as id\u00e9ias, pois cada pessoa tem uma percep\u00e7\u00e3o diferente sobre cada imagem ou tema.<\/p>\n<p><strong><em>Jansen Bispo Dos Santos, formando em Edi\u00e7\u00e3o de V\u00eddeo para M\u00eddias Sociais<\/em><\/strong><\/p>\n<p>Este \u00e9 segundo curso de 40 horas que fa\u00e7o na TVTEC. Estou me formando no curso de <em>Edi\u00e7\u00e3o de V\u00eddeo para M\u00eddias Sociais<\/em> do professor David Cassolato. O outro que fiz foi <em>Assistente de Produ\u00e7\u00e3o Audiovisual<\/em> com o professor S\u00edlvio Rom\u00e3o.\u00a0 Fora estes dois cursos eu j\u00e1 fiz um total de 14 workshops na TVTEC nesse ano de 2019, al\u00e9m de uma mentoria.<\/p>\n<div id=\"attachment_42711\" style=\"width: 333px\" class=\"wp-caption alignleft\"><a href=\"https:\/\/tvtecjundiai.com.br\/news\/wp-content\/uploads\/sites\/2\/2019\/12\/bispo-curso-1.jpg\"><img loading=\"lazy\" decoding=\"async\" aria-describedby=\"caption-attachment-42711\" class=\"wp-image-42711\" src=\"https:\/\/tvtecjundiai.com.br\/news\/wp-content\/uploads\/sites\/2\/2019\/12\/bispo-curso-1-300x169.jpg\" alt=\"\" width=\"323\" height=\"182\" srcset=\"https:\/\/tvtecjundiai.com.br\/news\/wp-content\/uploads\/sites\/2\/2019\/12\/bispo-curso-1-300x169.jpg 300w, https:\/\/tvtecjundiai.com.br\/news\/wp-content\/uploads\/sites\/2\/2019\/12\/bispo-curso-1-768x432.jpg 768w, https:\/\/tvtecjundiai.com.br\/news\/wp-content\/uploads\/sites\/2\/2019\/12\/bispo-curso-1-1200x675.jpg 1200w, https:\/\/tvtecjundiai.com.br\/news\/wp-content\/uploads\/sites\/2\/2019\/12\/bispo-curso-1.jpg 1249w\" sizes=\"auto, (max-width: 323px) 100vw, 323px\" \/><\/a><p id=\"caption-attachment-42711\" class=\"wp-caption-text\">Jansen: 14 cursos e uma mentoria na TVTEC, para ampliar resultados na atividade como fot\u00f3grafo<\/p><\/div>\n<p>Hoje trabalho exclusivamente com fotografia, mas tenho percebido uma demanda de alguns clientes tamb\u00e9m para v\u00eddeo e edi\u00e7\u00e3o, ent\u00e3o com os cursos e workshops da TVTEC venho agregando aprendizado nessa \u00e1rea para poder oferecer uma quantidade maior de op\u00e7\u00f5es aos meus clientes. Isso j\u00e1 tem me dado um retorno muito legal, com novos contratos na \u00e1rea de v\u00eddeo.<\/p>\n<p>Sobre o curso, achei excelente. Deu a oportunidade n\u00e3o apenas de trabalharmos com a edi\u00e7\u00e3o de um material pronto, mas de fazer a parte da capta\u00e7\u00e3o, edi\u00e7\u00e3o e finaliza\u00e7\u00e3o de um v\u00eddeo completo e isso \u00e9 muito bom. Aprender o processo inteiro \u00e9 essencial para quem quer atuar nessa \u00e1rea.<\/p>\n<p><em><strong>Grace Sanches, professora\u00a0<\/strong><\/em><\/p>\n<p>Essa \u00e9 minha terceira turma de <em>Fotografia Digital. A<\/em>parte mais especial \u00e9 ver os alunos evoluindo dia a dia no olhar , na pr\u00e1tica fotogr\u00e1fica. Terminei o ano com uma turma super dedicada e que se esfor\u00e7ou muito para obter bons resultados. Quer retorno melhor para um professor?<\/p>\n<div id=\"attachment_42712\" style=\"width: 260px\" class=\"wp-caption alignright\"><a href=\"https:\/\/tvtecjundiai.com.br\/news\/wp-content\/uploads\/sites\/2\/2019\/12\/beatriz.jpg\"><img loading=\"lazy\" decoding=\"async\" aria-describedby=\"caption-attachment-42712\" class=\"wp-image-42712\" src=\"https:\/\/tvtecjundiai.com.br\/news\/wp-content\/uploads\/sites\/2\/2019\/12\/beatriz-300x400.jpg\" alt=\"\" width=\"250\" height=\"333\" srcset=\"https:\/\/tvtecjundiai.com.br\/news\/wp-content\/uploads\/sites\/2\/2019\/12\/beatriz-300x400.jpg 300w, https:\/\/tvtecjundiai.com.br\/news\/wp-content\/uploads\/sites\/2\/2019\/12\/beatriz-768x1024.jpg 768w, https:\/\/tvtecjundiai.com.br\/news\/wp-content\/uploads\/sites\/2\/2019\/12\/beatriz-720x960.jpg 720w, https:\/\/tvtecjundiai.com.br\/news\/wp-content\/uploads\/sites\/2\/2019\/12\/beatriz.jpg 960w\" sizes=\"auto, (max-width: 250px) 100vw, 250px\" \/><\/a><p id=\"caption-attachment-42712\" class=\"wp-caption-text\">Para Beatriz, a experi\u00eancia na TVTEC abre oportunidades<\/p><\/div>\n<p><em><strong>Beatriz Nutti,\u00a0 formanda em Fotografia Digital<\/strong><\/em><\/p>\n<p>Eu conclui o curso de <em>Fotografia Digital.<\/em> Pretendo usar de maneira profissional na minha vida, logo. Foi o meu primeiro, por\u00e9m n\u00e3o ser\u00e1 meu \u00faltimo curso nessa \u00e1rea!<\/p>\n<p>J\u00e1 fiz cursos de <em>Lettering com giz<\/em>, <em>Fotografia Como Neg\u00f3cio<\/em>, <em>Lightpainting,<\/em> <em>Fotografia Gastron\u00f4mica<\/em>, <em>Instagram Performance<\/em>, <em>Stories Criativos para Instagram <\/em>e\u00a0<em>Cria\u00e7\u00e3o de Conte\u00fado<\/em> na TVTEC.<\/p>\n<p>Eu amo a TVTEC e indico para todos os meus conhecidos, pois penso que vale muito a pena as pessoas vivenciarem a \u00f3tima experi\u00eancia que esse local prop\u00f5e e proporciona, al\u00e9m de abrir muitas oportunidades para aqueles que levam a s\u00e9rio os cursos e workshops.<\/p>\n<p><em>(Por Pedro F\u00e1varo e Carol Ferreira)<\/em><\/p>\n","protected":false},"excerpt":{"rendered":"<p>A marca dos cursos da TVTEC s\u00e3o o entusiasmo e a seriedade dos professores<\/p>\n","protected":false},"author":8,"featured_media":42710,"comment_status":"closed","ping_status":"closed","sticky":false,"template":"","format":"standard","meta":{"footnotes":""},"categories":[29,1],"tags":[],"class_list":["post-42705","post","type-post","status-publish","format-standard","has-post-thumbnail","hentry","category-destaque","category-noticias"],"_links":{"self":[{"href":"https:\/\/tvtecjundiai.com.br\/news\/wp-json\/wp\/v2\/posts\/42705","targetHints":{"allow":["GET"]}}],"collection":[{"href":"https:\/\/tvtecjundiai.com.br\/news\/wp-json\/wp\/v2\/posts"}],"about":[{"href":"https:\/\/tvtecjundiai.com.br\/news\/wp-json\/wp\/v2\/types\/post"}],"author":[{"embeddable":true,"href":"https:\/\/tvtecjundiai.com.br\/news\/wp-json\/wp\/v2\/users\/8"}],"replies":[{"embeddable":true,"href":"https:\/\/tvtecjundiai.com.br\/news\/wp-json\/wp\/v2\/comments?post=42705"}],"version-history":[{"count":8,"href":"https:\/\/tvtecjundiai.com.br\/news\/wp-json\/wp\/v2\/posts\/42705\/revisions"}],"predecessor-version":[{"id":42770,"href":"https:\/\/tvtecjundiai.com.br\/news\/wp-json\/wp\/v2\/posts\/42705\/revisions\/42770"}],"wp:featuredmedia":[{"embeddable":true,"href":"https:\/\/tvtecjundiai.com.br\/news\/wp-json\/wp\/v2\/media\/42710"}],"wp:attachment":[{"href":"https:\/\/tvtecjundiai.com.br\/news\/wp-json\/wp\/v2\/media?parent=42705"}],"wp:term":[{"taxonomy":"category","embeddable":true,"href":"https:\/\/tvtecjundiai.com.br\/news\/wp-json\/wp\/v2\/categories?post=42705"},{"taxonomy":"post_tag","embeddable":true,"href":"https:\/\/tvtecjundiai.com.br\/news\/wp-json\/wp\/v2\/tags?post=42705"}],"curies":[{"name":"wp","href":"https:\/\/api.w.org\/{rel}","templated":true}]}}