{"id":42732,"date":"2019-12-11T18:44:00","date_gmt":"2019-12-11T20:44:00","guid":{"rendered":"https:\/\/tvtecjundiai.com.br\/news\/?p=42732"},"modified":"2019-12-11T18:50:28","modified_gmt":"2019-12-11T20:50:28","slug":"guarda-municipal-de-jundiai-e-destaque-durante-encontro-de-gms-do-estado","status":"publish","type":"post","link":"https:\/\/tvtecjundiai.com.br\/news\/2019\/12\/11\/guarda-municipal-de-jundiai-e-destaque-durante-encontro-de-gms-do-estado\/","title":{"rendered":"Guarda Municipal de Jundia\u00ed \u00e9 destaque durante encontro de GMs do Estado"},"content":{"rendered":"<p>Uma das institui\u00e7\u00f5es mais tradicionais e respeitadas do Estado de S\u00e3o Paulo marcou presen\u00e7a durante evento realizado com o apoio da Prefeitura de Santana de Parna\u00edba (SP), o 2\u00ba Encontro de Guardas Municipais do Estado de S\u00e3o Paulo, realizado na Arena de Eventos, que contou com centenas de agentes de seguran\u00e7a p\u00fablica para um momento de integra\u00e7\u00e3o e confraterniza\u00e7\u00e3o, mas principalmente a reflex\u00e3o sobre os 16 Dias de Ativismo pelo Fim da Viol\u00eancia Contra as Mulheres.<\/p>\n<div id=\"attachment_42733\" style=\"width: 510px\" class=\"wp-caption alignleft\"><a href=\"https:\/\/tvtecjundiai.com.br\/news\/wp-content\/uploads\/sites\/2\/2019\/12\/gmjfeminina-encontro-dezembro-2019-2-e1576096880623.jpg\"><img loading=\"lazy\" decoding=\"async\" aria-describedby=\"caption-attachment-42733\" class=\"wp-image-42733\" src=\"https:\/\/tvtecjundiai.com.br\/news\/wp-content\/uploads\/sites\/2\/2019\/12\/gmjfeminina-encontro-dezembro-2019-2-e1576096880623.jpg\" alt=\"\" width=\"500\" height=\"298\" srcset=\"https:\/\/tvtecjundiai.com.br\/news\/wp-content\/uploads\/sites\/2\/2019\/12\/gmjfeminina-encontro-dezembro-2019-2-e1576096880623.jpg 1280w, https:\/\/tvtecjundiai.com.br\/news\/wp-content\/uploads\/sites\/2\/2019\/12\/gmjfeminina-encontro-dezembro-2019-2-e1576096880623-300x179.jpg 300w, https:\/\/tvtecjundiai.com.br\/news\/wp-content\/uploads\/sites\/2\/2019\/12\/gmjfeminina-encontro-dezembro-2019-2-e1576096880623-768x458.jpg 768w, https:\/\/tvtecjundiai.com.br\/news\/wp-content\/uploads\/sites\/2\/2019\/12\/gmjfeminina-encontro-dezembro-2019-2-e1576096880623-1200x716.jpg 1200w\" sizes=\"auto, (max-width: 500px) 100vw, 500px\" \/><\/a><p id=\"caption-attachment-42733\" class=\"wp-caption-text\">Grupo representou as demais integrantes da Corpora\u00e7\u00e3o, refor\u00e7ando o trabalho que \u00e9 realizado diuturnamente<\/p><\/div>\n<p>Foram temas do encontro a Lei Maria da Penha e o Feminic\u00eddio; a import\u00e2ncia e necessidade dos Equipamentos de Prote\u00e7\u00e3o Individual (EPIs) e a sa\u00fade do agente de seguran\u00e7a p\u00fablica e suic\u00eddio. Tamb\u00e9m foi promovido uma mesa redonda sob o tema &#8220;Mulheres no Comando&#8221; e, ao final, realizada uma homenage, \u00e0s guardas municipais.<\/p>\n<p>\u201cNossa participa\u00e7\u00e3o em 2018 p\u00f4de contar apenas com duas guardas municipais de Jundia\u00ed: este ano fomos em 16. Muito importante relatar sobre os desafios, avan\u00e7os e conquistas enquanto mulheres, profissionais atuando para garantir a seguran\u00e7a e o bem-estar da popula\u00e7\u00e3o&#8221;, conta a GM Lorenti, integrante do Centro de Instru\u00e7\u00e3o e Forma\u00e7\u00e3o da Guarda Municipal de Jundia\u00ed, h\u00e1 28 anos na Corpora\u00e7\u00e3o.<\/p>\n<p>&#8220;A proposta do evento representa um grande incentivo para todas n\u00f3s: estamos na linha de frente. Refletir sobre a Lei Maria da penha foi de grande import\u00e2ncia para as presentes, uma vez que Jundia\u00ed \u00e9 uma das principais cidades que conta com a equipe especializada em atua\u00e7\u00e3o 24 horas, em tempo real. Foi um encontro de supera\u00e7\u00e3o: mulheres empoderadas que fazem o bem pelo pr\u00f3ximo\u201d, concluiu.<\/p>\n<p><em>(Prefeitura de Jundia\u00ed)<\/em><\/p>\n","protected":false},"excerpt":{"rendered":"<p>Grupo representou as demais integrantes da Corpora\u00e7\u00e3o, refor\u00e7ando o trabalho realizado<\/p>\n","protected":false},"author":10,"featured_media":42733,"comment_status":"closed","ping_status":"closed","sticky":false,"template":"","format":"standard","meta":{"footnotes":""},"categories":[2834,4831],"tags":[],"class_list":["post-42732","post","type-post","status-publish","format-standard","has-post-thumbnail","hentry","category-cidades","category-seguranca"],"_links":{"self":[{"href":"https:\/\/tvtecjundiai.com.br\/news\/wp-json\/wp\/v2\/posts\/42732","targetHints":{"allow":["GET"]}}],"collection":[{"href":"https:\/\/tvtecjundiai.com.br\/news\/wp-json\/wp\/v2\/posts"}],"about":[{"href":"https:\/\/tvtecjundiai.com.br\/news\/wp-json\/wp\/v2\/types\/post"}],"author":[{"embeddable":true,"href":"https:\/\/tvtecjundiai.com.br\/news\/wp-json\/wp\/v2\/users\/10"}],"replies":[{"embeddable":true,"href":"https:\/\/tvtecjundiai.com.br\/news\/wp-json\/wp\/v2\/comments?post=42732"}],"version-history":[{"count":2,"href":"https:\/\/tvtecjundiai.com.br\/news\/wp-json\/wp\/v2\/posts\/42732\/revisions"}],"predecessor-version":[{"id":42737,"href":"https:\/\/tvtecjundiai.com.br\/news\/wp-json\/wp\/v2\/posts\/42732\/revisions\/42737"}],"wp:featuredmedia":[{"embeddable":true,"href":"https:\/\/tvtecjundiai.com.br\/news\/wp-json\/wp\/v2\/media\/42733"}],"wp:attachment":[{"href":"https:\/\/tvtecjundiai.com.br\/news\/wp-json\/wp\/v2\/media?parent=42732"}],"wp:term":[{"taxonomy":"category","embeddable":true,"href":"https:\/\/tvtecjundiai.com.br\/news\/wp-json\/wp\/v2\/categories?post=42732"},{"taxonomy":"post_tag","embeddable":true,"href":"https:\/\/tvtecjundiai.com.br\/news\/wp-json\/wp\/v2\/tags?post=42732"}],"curies":[{"name":"wp","href":"https:\/\/api.w.org\/{rel}","templated":true}]}}