{"id":42796,"date":"2019-12-14T12:45:32","date_gmt":"2019-12-14T14:45:32","guid":{"rendered":"https:\/\/tvtecjundiai.com.br\/news\/?p=42796"},"modified":"2019-12-13T18:02:24","modified_gmt":"2019-12-13T20:02:24","slug":"a-incrivel-historia-de-bisteca-uma-porca-de-estimacao","status":"publish","type":"post","link":"https:\/\/tvtecjundiai.com.br\/news\/2019\/12\/14\/a-incrivel-historia-de-bisteca-uma-porca-de-estimacao\/","title":{"rendered":"A incr\u00edvel hist\u00f3ria de Bisteca, uma porca de estima\u00e7\u00e3o"},"content":{"rendered":"<p>Ela est\u00e1 fazendo mais sucesso do que muito artista ou pensador, no Facebook e nas redes sociais. A reportagem em que ela \u00e9 protagonista alcan\u00e7ou 3 milh\u00f5es de pessoas, teve 1.400.000 visualiza\u00e7\u00f5es, 28 mil rea\u00e7\u00f5es, 2.500 coment\u00e1rios e 5.300 compartilhamentos. Isso em 12 dias, desde 30 de novembro. E a <em>Bisteca, <\/em>que vive em Jundia\u00ed, nem gente \u00e9.<\/p>\n<p>O rep\u00f3rter da TVTEC, Rafael Amaral, foi feliz ao lembrar que apesar do nome, <em>Bisteca,<\/em> ela teve um destino bem diferente dos su\u00ednos e su\u00ednas. O rep\u00f3rter comparou o destinho da porca, atualmente com mais de 300 quilos, com ganhar na loteria. Isso mesmo. Ela, em vez de entrar em algum card\u00e1pio e ir \u00e0 mesa como prato principal, foi parar nas m\u00e3os de M\u00e1rcia Satiko Yamamoto, h\u00e1 cinco anos, logo que foi parida.<\/p>\n<p>&#8220;A m\u00e3e dela deu uma ninhada de sete filhotinhos. Ela foi a \u00faltima, era muito pequenininha. Ia morrer. O propriet\u00e1rio ofereceu e eu aceitei. Levei pra casa. A condi\u00e7\u00e3o era que quando ela crescesse eu a devolveria. Eu trouxe dentro de um balde. Ela veio gritando que nossa. Ela n\u00e3o tinha mais que 30 cent\u00edmetros. Demos uma banho e criamos dentro de casa&#8221;, conta M\u00e1rcia na reportagem.<\/p>\n<p><strong>Assista a reportagem na \u00edntegra<\/strong> e saiba, ainda, que Bisteca se apaixonou pelo c\u00e3ozinho Esqueleto, que tamb\u00e9m vive na casa de M\u00e1rcia. Talvez outra hist\u00f3ria para milh\u00f5es de visualiza\u00e7\u00f5es. Ser\u00e1?<em> (Por Pedro F\u00e1varo Jr.)<\/em><\/p>\n<p><a href=\"https:\/\/youtu.be\/SnXbkruCPt0\">https:\/\/youtu.be\/SnXbkruCPt0<\/a><\/p>\n","protected":false},"excerpt":{"rendered":"<p>\u00daltima de uma ninhada de sete porquinhos, Bisteca escapou de virar torresmo<\/p>\n","protected":false},"author":8,"featured_media":42800,"comment_status":"closed","ping_status":"closed","sticky":false,"template":"","format":"standard","meta":{"footnotes":""},"categories":[1],"tags":[],"class_list":["post-42796","post","type-post","status-publish","format-standard","has-post-thumbnail","hentry","category-noticias"],"_links":{"self":[{"href":"https:\/\/tvtecjundiai.com.br\/news\/wp-json\/wp\/v2\/posts\/42796","targetHints":{"allow":["GET"]}}],"collection":[{"href":"https:\/\/tvtecjundiai.com.br\/news\/wp-json\/wp\/v2\/posts"}],"about":[{"href":"https:\/\/tvtecjundiai.com.br\/news\/wp-json\/wp\/v2\/types\/post"}],"author":[{"embeddable":true,"href":"https:\/\/tvtecjundiai.com.br\/news\/wp-json\/wp\/v2\/users\/8"}],"replies":[{"embeddable":true,"href":"https:\/\/tvtecjundiai.com.br\/news\/wp-json\/wp\/v2\/comments?post=42796"}],"version-history":[{"count":5,"href":"https:\/\/tvtecjundiai.com.br\/news\/wp-json\/wp\/v2\/posts\/42796\/revisions"}],"predecessor-version":[{"id":42834,"href":"https:\/\/tvtecjundiai.com.br\/news\/wp-json\/wp\/v2\/posts\/42796\/revisions\/42834"}],"wp:featuredmedia":[{"embeddable":true,"href":"https:\/\/tvtecjundiai.com.br\/news\/wp-json\/wp\/v2\/media\/42800"}],"wp:attachment":[{"href":"https:\/\/tvtecjundiai.com.br\/news\/wp-json\/wp\/v2\/media?parent=42796"}],"wp:term":[{"taxonomy":"category","embeddable":true,"href":"https:\/\/tvtecjundiai.com.br\/news\/wp-json\/wp\/v2\/categories?post=42796"},{"taxonomy":"post_tag","embeddable":true,"href":"https:\/\/tvtecjundiai.com.br\/news\/wp-json\/wp\/v2\/tags?post=42796"}],"curies":[{"name":"wp","href":"https:\/\/api.w.org\/{rel}","templated":true}]}}