{"id":42808,"date":"2019-12-12T13:28:36","date_gmt":"2019-12-12T15:28:36","guid":{"rendered":"https:\/\/tvtecjundiai.com.br\/news\/?p=42808"},"modified":"2019-12-19T19:23:39","modified_gmt":"2019-12-19T21:23:39","slug":"parque-da-cidade-tem-aluguel-diario-de-bicicletas-nas-ferias","status":"publish","type":"post","link":"https:\/\/tvtecjundiai.com.br\/news\/2019\/12\/12\/parque-da-cidade-tem-aluguel-diario-de-bicicletas-nas-ferias\/","title":{"rendered":"Parque da Cidade tem aluguel di\u00e1rio de bicicletas nas f\u00e9rias"},"content":{"rendered":"<p>O aluguel de bicicletas do Peama (Programa de Esportes e Atividades Motoras Adaptadas), no Parque da Cidade, vai funcionar todos os dias, das 9 \u00e0s 16h45.<\/p>\n<div id=\"attachment_42809\" style=\"width: 510px\" class=\"wp-caption alignleft\"><a href=\"https:\/\/tvtecjundiai.com.br\/news\/wp-content\/uploads\/sites\/2\/2019\/12\/parque-da-cidade-1280x960.jpg\"><img loading=\"lazy\" decoding=\"async\" aria-describedby=\"caption-attachment-42809\" class=\"wp-image-42809\" src=\"https:\/\/tvtecjundiai.com.br\/news\/wp-content\/uploads\/sites\/2\/2019\/12\/parque-da-cidade-1280x960.jpg\" alt=\"\" width=\"500\" height=\"375\" srcset=\"https:\/\/tvtecjundiai.com.br\/news\/wp-content\/uploads\/sites\/2\/2019\/12\/parque-da-cidade-1280x960.jpg 1280w, https:\/\/tvtecjundiai.com.br\/news\/wp-content\/uploads\/sites\/2\/2019\/12\/parque-da-cidade-1280x960-300x225.jpg 300w, https:\/\/tvtecjundiai.com.br\/news\/wp-content\/uploads\/sites\/2\/2019\/12\/parque-da-cidade-1280x960-768x576.jpg 768w, https:\/\/tvtecjundiai.com.br\/news\/wp-content\/uploads\/sites\/2\/2019\/12\/parque-da-cidade-1280x960-1200x900.jpg 1200w\" sizes=\"auto, (max-width: 500px) 100vw, 500px\" \/><\/a><p id=\"caption-attachment-42809\" class=\"wp-caption-text\">Para usar as bicicletas comuns, por uma hora, o custo \u00e9 de R$ 6, j\u00e1 as duplas saem por R$ 12 a hora.<\/p><\/div>\n<p>Para usar as bicicletas comuns, por uma hora, o custo \u00e9 de R$ 6, j\u00e1 as duplas saem por R$ 12 a hora. O pagamento pode ser feito no dinheiro ou no cart\u00e3o de d\u00e9bito. O espa\u00e7o do Peama est\u00e1 localizado em frente ao pr\u00e9dio administrativo e, para alugar, \u00e9 preciso apresentar um documento com foto.<\/p>\n<p>Para pedalar, \u00e9 poss\u00edvel fazer o circuito fechado, na ciclovia do Parque, com 2,7 quil\u00f4metros de extens\u00e3o, ou optar pelo trecho completo do Parque da Cidade ao Jardim Bot\u00e2nico, que tem aproximadamente 4,5 quil\u00f4metros de extens\u00e3o.<\/p>\n<p>O Parque da Cidade fica na rodovia Jo\u00e3o Cereser, km 66, bairro do Pinheirinho, e fica aberto das 6h30 \u00e0s 19 horas, com entrada permitida at\u00e9 \u00e0s 18 horas. O estacionamento \u00e9 gratuito.<\/p>\n<p><em>(Prefeitura de Jundia\u00ed)<\/em><\/p>\n","protected":false},"excerpt":{"rendered":"<p>Espa\u00e7o do Peama est\u00e1 localizado em frente ao pr\u00e9dio administrativo<\/p>\n","protected":false},"author":10,"featured_media":36167,"comment_status":"closed","ping_status":"closed","sticky":false,"template":"","format":"standard","meta":{"footnotes":""},"categories":[2834,29,2827,2824],"tags":[],"class_list":["post-42808","post","type-post","status-publish","format-standard","has-post-thumbnail","hentry","category-cidades","category-destaque","category-esportes-e-lazer","category-variedades"],"_links":{"self":[{"href":"https:\/\/tvtecjundiai.com.br\/news\/wp-json\/wp\/v2\/posts\/42808","targetHints":{"allow":["GET"]}}],"collection":[{"href":"https:\/\/tvtecjundiai.com.br\/news\/wp-json\/wp\/v2\/posts"}],"about":[{"href":"https:\/\/tvtecjundiai.com.br\/news\/wp-json\/wp\/v2\/types\/post"}],"author":[{"embeddable":true,"href":"https:\/\/tvtecjundiai.com.br\/news\/wp-json\/wp\/v2\/users\/10"}],"replies":[{"embeddable":true,"href":"https:\/\/tvtecjundiai.com.br\/news\/wp-json\/wp\/v2\/comments?post=42808"}],"version-history":[{"count":4,"href":"https:\/\/tvtecjundiai.com.br\/news\/wp-json\/wp\/v2\/posts\/42808\/revisions"}],"predecessor-version":[{"id":43439,"href":"https:\/\/tvtecjundiai.com.br\/news\/wp-json\/wp\/v2\/posts\/42808\/revisions\/43439"}],"wp:featuredmedia":[{"embeddable":true,"href":"https:\/\/tvtecjundiai.com.br\/news\/wp-json\/wp\/v2\/media\/36167"}],"wp:attachment":[{"href":"https:\/\/tvtecjundiai.com.br\/news\/wp-json\/wp\/v2\/media?parent=42808"}],"wp:term":[{"taxonomy":"category","embeddable":true,"href":"https:\/\/tvtecjundiai.com.br\/news\/wp-json\/wp\/v2\/categories?post=42808"},{"taxonomy":"post_tag","embeddable":true,"href":"https:\/\/tvtecjundiai.com.br\/news\/wp-json\/wp\/v2\/tags?post=42808"}],"curies":[{"name":"wp","href":"https:\/\/api.w.org\/{rel}","templated":true}]}}