{"id":42862,"date":"2019-12-13T11:03:46","date_gmt":"2019-12-13T13:03:46","guid":{"rendered":"https:\/\/tvtecjundiai.com.br\/news\/?p=42862"},"modified":"2019-12-13T11:03:46","modified_gmt":"2019-12-13T13:03:46","slug":"atendimento-odontologico-sera-ampliado-16-em-jundiai","status":"publish","type":"post","link":"https:\/\/tvtecjundiai.com.br\/news\/2019\/12\/13\/atendimento-odontologico-sera-ampliado-16-em-jundiai\/","title":{"rendered":"Atendimento odontol\u00f3gico ser\u00e1 ampliado 16% em Jundia\u00ed"},"content":{"rendered":"<p>No ano passado foram realizadas 8,6 mil consultas e mais de 30 mil procedimentos pelo Centro de Especialidades Odontol\u00f3gicas (CEO), servi\u00e7o da Prefeitura de Jundia\u00ed que, foi entregue, nesta desta quinta-feira (12), reformado e ampliado para popula\u00e7\u00e3o. Com a reforma passa de um servi\u00e7o Tipo II para Tipo III \u2013 acrescendo o repasse federal para o custeio do servi\u00e7o.<\/p>\n<div style=\"width: 418px\" class=\"wp-caption alignright\"><img loading=\"lazy\" decoding=\"async\" class=\"\" src=\"https:\/\/jundiai.sp.gov.br\/noticias\/wp-content\/uploads\/sites\/32\/2019\/12\/ceo-243-1280x592.jpg\" alt=\"\" width=\"408\" height=\"189\" \/><p class=\"wp-caption-text\">Prefeito e gestor de Sa\u00fade entregaram o novo Centro de Especialidades Odontol\u00f3gicas<\/p><\/div>\n<p>O espa\u00e7o ganhou mais um consult\u00f3rio especializado, que ampliar\u00e1 o atendimento em 16% para a rede de sa\u00fade do Munic\u00edpio nas especialidades de cirurgia, endodontia, periodontia, atendimento domiciliar, pr\u00f3tese, semiologia e atendimento para pessoas com necessidades especiais.<\/p>\n<p>\u201cA Sa\u00fade \u00e9 um dos pilares da nossa gest\u00e3o que, desde o in\u00edcio, tem recebido aten\u00e7\u00e3o e investimentos para a oferta de servi\u00e7o de excel\u00eancia. Para o atendimento odontol\u00f3gico, o investimento foi superior a R$ 600 mil, direcionado para a ambi\u00eancia, aquisi\u00e7\u00e3o de equipamentos e amplia\u00e7\u00e3o de atendimento. O Centro de Especialidades Odontol\u00f3gicos (CEO) est\u00e1 em pr\u00e9dio completamente acess\u00edvel e remodelado, e ampliado de seis consult\u00f3rios para sete. S\u00e3o investimentos planejados para dar acesso \u00e0 popula\u00e7\u00e3o de forma completa, a partir do atendimento universal da aten\u00e7\u00e3o b\u00e1sica e o servi\u00e7o especializado oferecido pela equipe de especialistas\u201d, destaca o Prefeito Luiz Fernando Machado.<\/p>\n<p>Outra vantagem apontada pelo gestor da Unidade de Gest\u00e3o de Promo\u00e7\u00e3o da Sa\u00fade (UGPS), Tiago Texera, al\u00e9m da ambi\u00eancia e do aumento na oferta de atendimento, est\u00e1 na economia aos cofres p\u00fablicos. \u201cO endere\u00e7o atual (Rua Bar\u00e3o de Teff\u00e9, 404 \u2013 Parque do Col\u00e9gio) tamb\u00e9m representa economia para os cofres p\u00fablicos. O pr\u00e9dio onde funcionou o servi\u00e7o (Rua M\u00e1rio Borin, 187) at\u00e9 in\u00edcio de 2017, tinha custo mensal de R$ 42 mil de aluguel. Neste, o valor \u00e9 de R$ 13 mil\/m\u00eas. Ainda subimos de categoria e passamos para Tipo III, o que representa amplia\u00e7\u00e3o do repasse do Minist\u00e9rio da Sa\u00fade para o servi\u00e7o, passando de R$ 11 mil\/m\u00eas para R$ 19,5 mil\/m\u00eas\u201d, completa.<\/p>\n<p>Para a gerente do servi\u00e7o, Camila Barbiratto, o ganho ao atendimento ser\u00e1 destacado. \u201cAgora contamos, al\u00e9m de uma equipe de excel\u00eancia, um espa\u00e7o confort\u00e1vel, acess\u00edvel e moderno para o atendimento da popula\u00e7\u00e3o. Com a amplia\u00e7\u00e3o de cadeiras ser\u00e1 poss\u00edvel acrescer 16% no n\u00famero de atendimentos especializados\u201d, detalha.<\/p>\n<p>Ainda na \u00e1rea odontol\u00f3gica, os investimentos feitos pela gest\u00e3o do Prefeito Luiz Fernando Machado desde 2017 contabilizam a implanta\u00e7\u00e3o de salas odontol\u00f3gicas nas Unidades B\u00e1sicas de Sa\u00fade (UBSs) Tarum\u00e3 e Corrupira, Nova UBS Maring\u00e1, amplia\u00e7\u00e3o no atendimento ao Vetor Oeste, a partir da duplica\u00e7\u00e3o da equipe com a inaugura\u00e7\u00e3o da Cl\u00ednica da Fam\u00edlia.<\/p>\n<p>Na sexta-feira (13), a Nova UBS Travi\u00fa ser\u00e1 entregue com a inclus\u00e3o do servi\u00e7o e, para o primeiro semestre de 2020 ser\u00e3o entregues as salas da Nova UBS Jardim do Lago e Comercial. Outra a\u00e7\u00e3o que ampliou o acesso ao atendimento da popula\u00e7\u00e3o e reduziu em 5% as faltas em consultas foi a universaliza\u00e7\u00e3o do acesso, ou seja, atendimento para todas as idades, com acesso avan\u00e7ado, ou seja, sem agendamento pr\u00e9vio, bastando a busca pelo servi\u00e7o na unidade de refer\u00eancia.<\/p>\n","protected":false},"excerpt":{"rendered":"<p>O novo Centro de Especialidades Odontol\u00f3gicas permitir\u00e1 realizar mais consultas<\/p>\n","protected":false},"author":8,"featured_media":42865,"comment_status":"closed","ping_status":"closed","sticky":false,"template":"","format":"standard","meta":{"footnotes":""},"categories":[1,2839],"tags":[6158],"class_list":["post-42862","post","type-post","status-publish","format-standard","has-post-thumbnail","hentry","category-noticias","category-saude","tag-centro-de-especialidades-odontologicas"],"_links":{"self":[{"href":"https:\/\/tvtecjundiai.com.br\/news\/wp-json\/wp\/v2\/posts\/42862","targetHints":{"allow":["GET"]}}],"collection":[{"href":"https:\/\/tvtecjundiai.com.br\/news\/wp-json\/wp\/v2\/posts"}],"about":[{"href":"https:\/\/tvtecjundiai.com.br\/news\/wp-json\/wp\/v2\/types\/post"}],"author":[{"embeddable":true,"href":"https:\/\/tvtecjundiai.com.br\/news\/wp-json\/wp\/v2\/users\/8"}],"replies":[{"embeddable":true,"href":"https:\/\/tvtecjundiai.com.br\/news\/wp-json\/wp\/v2\/comments?post=42862"}],"version-history":[{"count":3,"href":"https:\/\/tvtecjundiai.com.br\/news\/wp-json\/wp\/v2\/posts\/42862\/revisions"}],"predecessor-version":[{"id":42866,"href":"https:\/\/tvtecjundiai.com.br\/news\/wp-json\/wp\/v2\/posts\/42862\/revisions\/42866"}],"wp:featuredmedia":[{"embeddable":true,"href":"https:\/\/tvtecjundiai.com.br\/news\/wp-json\/wp\/v2\/media\/42865"}],"wp:attachment":[{"href":"https:\/\/tvtecjundiai.com.br\/news\/wp-json\/wp\/v2\/media?parent=42862"}],"wp:term":[{"taxonomy":"category","embeddable":true,"href":"https:\/\/tvtecjundiai.com.br\/news\/wp-json\/wp\/v2\/categories?post=42862"},{"taxonomy":"post_tag","embeddable":true,"href":"https:\/\/tvtecjundiai.com.br\/news\/wp-json\/wp\/v2\/tags?post=42862"}],"curies":[{"name":"wp","href":"https:\/\/api.w.org\/{rel}","templated":true}]}}