{"id":43022,"date":"2019-12-16T11:29:18","date_gmt":"2019-12-16T13:29:18","guid":{"rendered":"https:\/\/tvtecjundiai.com.br\/news\/?p=43022"},"modified":"2019-12-16T13:44:32","modified_gmt":"2019-12-16T15:44:32","slug":"escola-de-aprendizes-marinheiros-abre-concurso-para-900-vagas","status":"publish","type":"post","link":"https:\/\/tvtecjundiai.com.br\/news\/2019\/12\/16\/escola-de-aprendizes-marinheiros-abre-concurso-para-900-vagas\/","title":{"rendered":"Escola de Aprendizes-Marinheiros abre concurso para 900 vagas"},"content":{"rendered":"<p>A Marinha do Brasil divulgou o edital de concurso p\u00fablico de admiss\u00e3o \u00e0s Escolas de Aprendizes &#8211; Marinheiros em 2020. O\u00a0concurso Marinha CPAEAM 2020 ir\u00e1 preencher 900 vagas no curso de Marinheiros. O curso na Escola de Aprendizes Marinheiros \u00e9 totalmente gratuito e ter\u00e1 dura\u00e7\u00e3o de um ano.<\/p>\n<div id=\"attachment_43026\" style=\"width: 439px\" class=\"wp-caption alignright\"><a href=\"https:\/\/tvtecjundiai.com.br\/news\/wp-content\/uploads\/sites\/2\/2019\/12\/escola-marinheiros.jpg\"><img loading=\"lazy\" decoding=\"async\" aria-describedby=\"caption-attachment-43026\" class=\"wp-image-43026\" src=\"https:\/\/tvtecjundiai.com.br\/news\/wp-content\/uploads\/sites\/2\/2019\/12\/escola-marinheiros-300x200.jpg\" alt=\"Pr\u00e9dio da Escola de Aprendizes Marinheiros\" width=\"429\" height=\"286\" srcset=\"https:\/\/tvtecjundiai.com.br\/news\/wp-content\/uploads\/sites\/2\/2019\/12\/escola-marinheiros-300x200.jpg 300w, https:\/\/tvtecjundiai.com.br\/news\/wp-content\/uploads\/sites\/2\/2019\/12\/escola-marinheiros.jpg 660w\" sizes=\"auto, (max-width: 429px) 100vw, 429px\" \/><\/a><p id=\"caption-attachment-43026\" class=\"wp-caption-text\">Alunos ter\u00e3o direito a alimenta\u00e7\u00e3o, uniforme, assist\u00eancia m\u00e9dico &#8211; odontol\u00f3gica, psicol\u00f3gica, social e religiosa e bolsa-aux\u00edlio<\/p><\/div>\n<p>Durante o curso, os alunos ter\u00e3o direito a alimenta\u00e7\u00e3o, uniforme, assist\u00eancia m\u00e9dico &#8211; odontol\u00f3gica, psicol\u00f3gica, social e religiosa, al\u00e9m de receber bolsa-aux\u00edlio de R$ 1.108,53.<\/p>\n<p><strong>Requisitos de admiss\u00e3o<\/strong><\/p>\n<p>Entre outros requisitos necess\u00e1rios para ser admitido ao curso, o candidato, ao se inscrever, dever\u00e1:<\/p>\n<ul>\n<li>Ser do sexo masculino;<\/li>\n<li>N\u00e3o ser casado ou n\u00e3o ter constitu\u00eddo uni\u00e3o est\u00e1vel;<\/li>\n<li>Ter 18 anos completos e menos de 22 anos de idade no primeiro dia do m\u00eas de janeiro de 2021;<\/li>\n<li>Possuir altura m\u00ednima de 1,54m e m\u00e1xima de 2,00m;<\/li>\n<li>Ter conclu\u00eddo ou estar em fase de conclus\u00e3o do 3\u00ba ano do ensino m\u00e9dio.<\/li>\n<\/ul>\n<p><strong>Curso<\/strong><\/p>\n<p>O Curso de Forma\u00e7\u00e3o de Marinheiros (C-FMN) ser\u00e1 realizado em uma das quatro Escolas de Aprendizes &#8211; Marinheiros (EAM), sob regime de internato.<\/p>\n<div id=\"leitura-inread\">\n<ul>\n<li><em>Prepare-se<\/em>:\u00a0<a title=\"quest\u00f5es de concursos\" href=\"https:\/\/www.concursosnobrasil.com.br\/questoes\/\">Quest\u00f5es de concursos p\u00fablicos<\/a><\/li>\n<\/ul>\n<\/div>\n<p>Atualmente, a Marinha conta com as seguintes escolas:<\/p>\n<ul>\n<li>Escola de Aprendizes &#8211; Marinheiros do Cear\u00e1 (EAMCE), em Fortaleza;<\/li>\n<li>Escola de Aprendizes &#8211; Marinheiros de Pernambuco (EAMPE), em Recife;<\/li>\n<li>Escola de Aprendizes &#8211; Marinheiros do Esp\u00edrito Santo (EAMES), em Vila Velha;<\/li>\n<li>Escola de Aprendizes &#8211; Marinheiros de Santa Catarina (EAMSC), em Florian\u00f3polis.<\/li>\n<\/ul>\n<p>O curso \u00e9 dividido em duas fases:<\/p>\n<ol>\n<li>Grau hier\u00e1rquico de Aprendiz &#8211; Marinheiro (AM), destinada \u00e0 forma\u00e7\u00e3o militar-naval;<\/li>\n<li>Grau hier\u00e1rquico de Grumete (GR), destinada \u00e0 especializa\u00e7\u00e3o t\u00e9cnica nas \u00e1reas de Eletroeletr\u00f4nica, Apoio ou Mec\u00e2nica.<\/li>\n<\/ol>\n<p>Como GR o aluno ter\u00e1 direito a bolsa-aux\u00edlio no valor de R$ 1.179,72.<\/p>\n<p>Quando concluir o curso, o aluno ser\u00e1 promovido \u00e0 gradua\u00e7\u00e3o de Marinheiro (MN), recebendo uma remunera\u00e7\u00e3o total de R$ 1.950,00.<\/p>\n<p><strong>Inscri\u00e7\u00f5es<\/strong><\/p>\n<p>As inscri\u00e7\u00f5es ser\u00e3o realizadas entre os dias 20 de janeiro e 03 de fevereiro de 2020, via internet, atrav\u00e9s do endere\u00e7o eletr\u00f4nico\u00a0<a href=\"http:\/\/www.ingressonamarinha.mar.mil.br\/\" target=\"_blank\" rel=\"nofollow noopener noreferrer\">www.ingressonamarinha.mar.mil.br<\/a>\u00a0ou de forma presencial em uma das Organiza\u00e7\u00f5es Militares da Marinha Respons\u00e1veis pela Execu\u00e7\u00e3o Local (OREL).<\/p>\n<p>O valor da taxa de inscri\u00e7\u00e3o \u00e9 de R$ 25,00 e poder\u00e1 solicitar a isen\u00e7\u00e3o da respectiva taxa o candidato que se enquadrar em uma das seguintes situa\u00e7\u00f5es:<\/p>\n<ul>\n<li>Pertencer \u00e0 fam\u00edlia inscrita no Cadastro \u00danico para Programas Sociais (Cad\u00danico), do Governo Federal, desde que tenha renda familiar mensal per capita inferior ou igual a meio sal\u00e1rio-m\u00ednimo nacional;<\/li>\n<li>For doador de medula \u00f3ssea em entidades reconhecidas pelo Minist\u00e9rio da Sa\u00fade.<\/li>\n<\/ul>\n<p><strong>Provas<\/strong><\/p>\n<p>A sele\u00e7\u00e3o dos candidatos se dar\u00e1 por meio de prova objetiva, etapa de car\u00e1ter eliminat\u00f3rio e classificat\u00f3rio, e por teste de aptid\u00e3o f\u00edsica (TAF), etapa de car\u00e1ter eliminat\u00f3rio.<\/p>\n<p>O concurso envolver\u00e1, ainda, outras etapas, denominadas Eventos Complementares (EVC), de car\u00e1ter eliminat\u00f3rio, compostas por:<\/p>\n<ul>\n<li>Verifica\u00e7\u00e3o de Dados Biogr\u00e1ficos (VDB);<\/li>\n<li>Inspe\u00e7\u00e3o de Sa\u00fade (IS);<\/li>\n<li>Avalia\u00e7\u00e3o Psicol\u00f3gica (AP);<\/li>\n<li>Verifica\u00e7\u00e3o de Documentos (VD);<\/li>\n<li>Procedimento de Heteroidentifica\u00e7\u00e3o Complementar \u00e0 Autodeclara\u00e7\u00e3o (PH).<\/li>\n<\/ul>\n<p>A prova objetiva ter\u00e1 dura\u00e7\u00e3o de quatro horas e ser\u00e1 realizada na 1\u00aa quinzena de abril de 2020.<\/p>\n<p>No dia da prova, o candidato dever\u00e1 comparecer com anteced\u00eancia e munido de comprovante de inscri\u00e7\u00e3o, documento oficial de identifica\u00e7\u00e3o original com assinatura e fotografia, caneta esferogr\u00e1fica de tinta azul ou preta, fabricada em material transparente, l\u00e1pis e borracha.<\/p>\n<p>A prova objetiva valer\u00e1 100 pontos e ser\u00e1 composta por 50 quest\u00f5es, sendo 15 quest\u00f5es de L\u00edngua Portuguesa, 15 quest\u00f5es de Matem\u00e1tica, 15 quest\u00f5es de Ci\u00eancias (F\u00edsica e Qu\u00edmica) e 05 quest\u00f5es de Ingl\u00eas.<\/p>\n<p>Cada quest\u00e3o da prova valer\u00e1 2 pontos e ser\u00e3o aprovados os candidatos que obtiverem a nota m\u00ednima de 50 pontos em toda a prova e que obtiverem a nota m\u00ednima de 10 pontos nas disciplinas de Matem\u00e1tica, L\u00edngua Portuguesa e Ci\u00eancias (F\u00edsica e Qu\u00edmica).<\/p>\n<p>O\u00a0<strong>TAF &#8211; Teste de Aptid\u00e3o F\u00edsica<\/strong>\u00a0ser\u00e1 realizado em dois dias n\u00e3o consecutivos e envolver\u00e1 as seguintes provas:<\/p>\n<ul>\n<li>Nadar 50 metros no tempo m\u00e1ximo de 1 minuto e 30 segundos;<\/li>\n<li>Correr o percurso de 2.400 metros no tempo m\u00e1ximo de 14 minutos e 30 segundos.<\/li>\n<\/ul>\n<p><strong>Crit\u00e9rios de desempate<\/strong><\/p>\n<p>Caso ocorra empate nas notas obtidas por candidatos, a prefer\u00eancia ser\u00e1 dada ao candidato que, nesta ordem:<\/p>\n<ol>\n<li>Obtiver o maior n\u00famero de acertos em Matem\u00e1tica;<\/li>\n<li>Obtiver o maior n\u00famero de acertos em L\u00edngua Portuguesa;<\/li>\n<li>Obtiver o maior n\u00famero de acertos em Ci\u00eancias (F\u00edsica e Qu\u00edmica);<\/li>\n<li>Obtiver o maior n\u00famero de acertos em Ingl\u00eas;<\/li>\n<li>Tiver a maior idade.<\/li>\n<\/ol>\n<p>Validade<\/p>\n<p>O prazo de validade do concurso p\u00fablico se encerrar\u00e1 em 17 de janeiro de 2021.<\/p>\n<p>Edital<\/p>\n<p>Outras informa\u00e7\u00f5es sobre este concurso poder\u00e3o ser obtidas em seu edital publicado no site da\u00a0<a href=\"https:\/\/www.inscricao.marinha.mil.br\/marinha\/index_concursos.jsp?id_concurso=384\" target=\"_blank\" rel=\"nofollow noopener noreferrer\">Marinha do Brasil<\/a>.<\/p>\n<p><em>(Capa: Infonet)<\/em><\/p>\n","protected":false},"excerpt":{"rendered":"<p>O curso \u00e9 de um ano, gratuito e d\u00e1 direito \u00e0 bolsa-aux\u00edlio de R$ 1.108,53 entre outras coisas<\/p>\n","protected":false},"author":8,"featured_media":43033,"comment_status":"closed","ping_status":"closed","sticky":false,"template":"","format":"standard","meta":{"footnotes":""},"categories":[5038,1],"tags":[6164],"class_list":["post-43022","post","type-post","status-publish","format-standard","has-post-thumbnail","hentry","category-emprego","category-noticias","tag-concurso-escola-de-aprendizes-marinheiros"],"_links":{"self":[{"href":"https:\/\/tvtecjundiai.com.br\/news\/wp-json\/wp\/v2\/posts\/43022","targetHints":{"allow":["GET"]}}],"collection":[{"href":"https:\/\/tvtecjundiai.com.br\/news\/wp-json\/wp\/v2\/posts"}],"about":[{"href":"https:\/\/tvtecjundiai.com.br\/news\/wp-json\/wp\/v2\/types\/post"}],"author":[{"embeddable":true,"href":"https:\/\/tvtecjundiai.com.br\/news\/wp-json\/wp\/v2\/users\/8"}],"replies":[{"embeddable":true,"href":"https:\/\/tvtecjundiai.com.br\/news\/wp-json\/wp\/v2\/comments?post=43022"}],"version-history":[{"count":3,"href":"https:\/\/tvtecjundiai.com.br\/news\/wp-json\/wp\/v2\/posts\/43022\/revisions"}],"predecessor-version":[{"id":43035,"href":"https:\/\/tvtecjundiai.com.br\/news\/wp-json\/wp\/v2\/posts\/43022\/revisions\/43035"}],"wp:featuredmedia":[{"embeddable":true,"href":"https:\/\/tvtecjundiai.com.br\/news\/wp-json\/wp\/v2\/media\/43033"}],"wp:attachment":[{"href":"https:\/\/tvtecjundiai.com.br\/news\/wp-json\/wp\/v2\/media?parent=43022"}],"wp:term":[{"taxonomy":"category","embeddable":true,"href":"https:\/\/tvtecjundiai.com.br\/news\/wp-json\/wp\/v2\/categories?post=43022"},{"taxonomy":"post_tag","embeddable":true,"href":"https:\/\/tvtecjundiai.com.br\/news\/wp-json\/wp\/v2\/tags?post=43022"}],"curies":[{"name":"wp","href":"https:\/\/api.w.org\/{rel}","templated":true}]}}