{"id":43052,"date":"2019-12-16T15:09:02","date_gmt":"2019-12-16T17:09:02","guid":{"rendered":"https:\/\/tvtecjundiai.com.br\/news\/?p=43052"},"modified":"2019-12-16T15:10:26","modified_gmt":"2019-12-16T17:10:26","slug":"biblioteca-de-jundiai-tem-horario-especial-em-dezembro-e-programacao-de-ferias","status":"publish","type":"post","link":"https:\/\/tvtecjundiai.com.br\/news\/2019\/12\/16\/biblioteca-de-jundiai-tem-horario-especial-em-dezembro-e-programacao-de-ferias\/","title":{"rendered":"Biblioteca de Jundia\u00ed tem hor\u00e1rio especial em dezembro e programa\u00e7\u00e3o de f\u00e9rias"},"content":{"rendered":"<p>A Biblioteca Professor Nelson Foot, localizada no Complexo Argos, atender\u00e1 em hor\u00e1rio especial durante as \u00faltimas semanas de dezembro. Al\u00e9m dos servi\u00e7os j\u00e1 oferecidos \u2013 empr\u00e9stimos de livros, acesso \u00e0 internet e espa\u00e7os para jogos de tabuleiros, durante o m\u00eas de janeiro ser\u00e3o realizadas conta\u00e7\u00f5es de hist\u00f3rias, torneio de literatura fant\u00e1stica e oficina de quadrinhos.<\/p>\n<div id=\"attachment_43053\" style=\"width: 360px\" class=\"wp-caption alignright\"><a href=\"https:\/\/tvtecjundiai.com.br\/news\/wp-content\/uploads\/sites\/2\/2019\/12\/Biblioteca-Nelson-Foot.jpg\"><img loading=\"lazy\" decoding=\"async\" aria-describedby=\"caption-attachment-43053\" class=\"wp-image-43053\" src=\"https:\/\/tvtecjundiai.com.br\/news\/wp-content\/uploads\/sites\/2\/2019\/12\/Biblioteca-Nelson-Foot.jpg\" alt=\"\" width=\"350\" height=\"233\" srcset=\"https:\/\/tvtecjundiai.com.br\/news\/wp-content\/uploads\/sites\/2\/2019\/12\/Biblioteca-Nelson-Foot.jpg 600w, https:\/\/tvtecjundiai.com.br\/news\/wp-content\/uploads\/sites\/2\/2019\/12\/Biblioteca-Nelson-Foot-300x200.jpg 300w\" sizes=\"auto, (max-width: 350px) 100vw, 350px\" \/><\/a><p id=\"caption-attachment-43053\" class=\"wp-caption-text\">Biblioteca prepara programa\u00e7\u00e3o especial de f\u00e9rias para entreter a popula\u00e7\u00e3o<\/p><\/div>\n<p>Nos dias 26 e 27 de dezembro, 2 e 3 de janeiro o funcionamento ser\u00e1 das 8h \u00e0s 20h. Nos s\u00e1bados (28 de dezembro e 4 de janeiro) o hor\u00e1rio ser\u00e1 das 9h \u00e0s 13h. O espa\u00e7o ficar\u00e1 fechado nos dias 23 a 25 e de 30 de dezembro a 1 de janeiro, como os demais departamentos p\u00fablicos.<\/p>\n<p>Para o m\u00eas de janeiro, a Biblioteca prepara programa\u00e7\u00e3o especial de f\u00e9rias para entreter a popula\u00e7\u00e3o, no per\u00edodo de 7 a 30 de janeiro. \u00c0s ter\u00e7as, quintas e s\u00e1bados ser\u00e3o realizadas narra\u00e7\u00f5es de hist\u00f3rias \u00e0s 15h. No dia 25, haver\u00e1 torneio de \u2018Literatura Fant\u00e1stica \u2013 Harry Potter\u2019, das 12h30 \u00e0s 17h30 e no dia 30, ser\u00e1 realizada oficina de hist\u00f3ria em quadrinhos, tamb\u00e9m \u00e0s 15h.<\/p>\n<p>De acordo com a diretora do Departamento de Fomento \u00e0 Leitura e Literatura, da Unidade de Gest\u00e3o de Educa\u00e7\u00e3o (UGE), \u00a0Camila Fernandes de Freitas Rosalem, a programa\u00e7\u00e3o especial garante entretenimento para a popula\u00e7\u00e3o e fomento \u00e0 leitura. \u201cForam escolhidos temas a partir do interesse da popula\u00e7\u00e3o e que agreguem conhecimento e divertimento. A partir de 26 de dezembro as inscri\u00e7\u00f5es estar\u00e3o abertas aos interessados no site da biblioteca\u201d, explica.<\/p>\n<p><em>(Prefeitura de Jundia\u00ed)<\/em><\/p>\n","protected":false},"excerpt":{"rendered":"<p>Espa\u00e7o ficar\u00e1 fechado nos dias 23 a 25 e de 30 de dezembro a 1 de janeiro<\/p>\n","protected":false},"author":10,"featured_media":43053,"comment_status":"closed","ping_status":"closed","sticky":false,"template":"","format":"standard","meta":{"footnotes":""},"categories":[2834,2833,2825,2824],"tags":[],"class_list":["post-43052","post","type-post","status-publish","format-standard","has-post-thumbnail","hentry","category-cidades","category-cultura","category-turismo","category-variedades"],"_links":{"self":[{"href":"https:\/\/tvtecjundiai.com.br\/news\/wp-json\/wp\/v2\/posts\/43052","targetHints":{"allow":["GET"]}}],"collection":[{"href":"https:\/\/tvtecjundiai.com.br\/news\/wp-json\/wp\/v2\/posts"}],"about":[{"href":"https:\/\/tvtecjundiai.com.br\/news\/wp-json\/wp\/v2\/types\/post"}],"author":[{"embeddable":true,"href":"https:\/\/tvtecjundiai.com.br\/news\/wp-json\/wp\/v2\/users\/10"}],"replies":[{"embeddable":true,"href":"https:\/\/tvtecjundiai.com.br\/news\/wp-json\/wp\/v2\/comments?post=43052"}],"version-history":[{"count":4,"href":"https:\/\/tvtecjundiai.com.br\/news\/wp-json\/wp\/v2\/posts\/43052\/revisions"}],"predecessor-version":[{"id":43057,"href":"https:\/\/tvtecjundiai.com.br\/news\/wp-json\/wp\/v2\/posts\/43052\/revisions\/43057"}],"wp:featuredmedia":[{"embeddable":true,"href":"https:\/\/tvtecjundiai.com.br\/news\/wp-json\/wp\/v2\/media\/43053"}],"wp:attachment":[{"href":"https:\/\/tvtecjundiai.com.br\/news\/wp-json\/wp\/v2\/media?parent=43052"}],"wp:term":[{"taxonomy":"category","embeddable":true,"href":"https:\/\/tvtecjundiai.com.br\/news\/wp-json\/wp\/v2\/categories?post=43052"},{"taxonomy":"post_tag","embeddable":true,"href":"https:\/\/tvtecjundiai.com.br\/news\/wp-json\/wp\/v2\/tags?post=43052"}],"curies":[{"name":"wp","href":"https:\/\/api.w.org\/{rel}","templated":true}]}}