{"id":43120,"date":"2019-12-16T20:08:31","date_gmt":"2019-12-16T22:08:31","guid":{"rendered":"https:\/\/tvtecjundiai.com.br\/news\/?p=43120"},"modified":"2019-12-19T12:10:01","modified_gmt":"2019-12-19T14:10:01","slug":"tvtec-acompanha-caravana-iluminada-ao-vivo-na-sexta-feira-20","status":"publish","type":"post","link":"https:\/\/tvtecjundiai.com.br\/news\/2019\/12\/16\/tvtec-acompanha-caravana-iluminada-ao-vivo-na-sexta-feira-20\/","title":{"rendered":"TVTEC acompanha Caravana Iluminada ao vivo na sexta-feira (20)"},"content":{"rendered":"<p>A Caravana Iluminada da Coca-Cola passa por Jundia\u00ed nesta sexta-feira (20), a partir das 20 horas e a TVTEC Jundia\u00ed, mais uma vez, vai transmitir ao vivo todo o trajeto com sa\u00edda da Coca-Cola Femsa, na Avenida Marginal, 1640, no Parque Eloy Chaves. Da\u00ed ela segue em dire\u00e7\u00e3o ao Centro de\u00a0 Jundia\u00ed passando por pontos estrat\u00e9gicos e com dura\u00e7\u00e3o prevista de mais de tr\u00eas horas. Mais uma vez, a TVTEC acompanha o evento ao vivo.<\/p>\n<div id=\"attachment_20519\" style=\"width: 429px\" class=\"wp-caption alignleft\"><a href=\"https:\/\/tvtecjundiai.com.br\/news\/wp-content\/uploads\/sites\/2\/2018\/11\/caravana-e1543231254555.jpg\"><img loading=\"lazy\" decoding=\"async\" aria-describedby=\"caption-attachment-20519\" class=\"wp-image-20519\" src=\"https:\/\/tvtecjundiai.com.br\/news\/wp-content\/uploads\/sites\/2\/2018\/11\/caravana-e1543231254555-300x211.jpg\" alt=\"\" width=\"419\" height=\"295\" srcset=\"https:\/\/tvtecjundiai.com.br\/news\/wp-content\/uploads\/sites\/2\/2018\/11\/caravana-e1543231254555-300x211.jpg 300w, https:\/\/tvtecjundiai.com.br\/news\/wp-content\/uploads\/sites\/2\/2018\/11\/caravana-e1543231254555.jpg 712w\" sizes=\"auto, (max-width: 419px) 100vw, 419px\" \/><\/a><p id=\"caption-attachment-20519\" class=\"wp-caption-text\">O apresentador M\u00e1rcio Miguel ser\u00e1 o \u00e2ncora da transmiss\u00e3o pelo Facebook<\/p><\/div>\n<p>Em 2019, o colega jornalista Anderson M\u00fcller acompanhou toda a jornada, pelas ruas de Jundia\u00ed, a partir do Vetor Oeste da cidade, no Eloy Chaves &#8211; praticamente no mesmo itiner\u00e1rio desenhado para este ano. A Rede TVTEC, plataforma multim\u00eddia da Prefeitura de Jundia\u00ed, fez a transmiss\u00e3o ao vivo, seccionada em tr\u00eas entradas e que\u00a0 resultou na visualiza\u00e7\u00e3o por 71.800 pessoas e 151.400 pessoas alcan\u00e7adas.<\/p>\n<p>Foram 3180 rea\u00e7\u00f5es e 803 compartilhamentos, em quase tr\u00eas horas de transmiss\u00e3o ao vivo da boleia do um caminh\u00e3o,\u00a0 com celular, pelo Facebook, via internet e com intera\u00e7\u00e3o online com a popula\u00e7\u00e3o. Este ano, a transmiss\u00e3o ser\u00e1 feita pelo produtor e apresentador M\u00e1rcio Miguel.<\/p>\n<p><em>(Capa: Agora no RS)<\/em><\/p>\n","protected":false},"excerpt":{"rendered":"<p>O apresentador M\u00e1rcio Miguel ser\u00e1 o \u00e2ncora da transmiss\u00e3o pelo Facebook<\/p>\n","protected":false},"author":8,"featured_media":43335,"comment_status":"closed","ping_status":"closed","sticky":false,"template":"","format":"standard","meta":{"footnotes":""},"categories":[1],"tags":[],"class_list":["post-43120","post","type-post","status-publish","format-standard","has-post-thumbnail","hentry","category-noticias"],"_links":{"self":[{"href":"https:\/\/tvtecjundiai.com.br\/news\/wp-json\/wp\/v2\/posts\/43120","targetHints":{"allow":["GET"]}}],"collection":[{"href":"https:\/\/tvtecjundiai.com.br\/news\/wp-json\/wp\/v2\/posts"}],"about":[{"href":"https:\/\/tvtecjundiai.com.br\/news\/wp-json\/wp\/v2\/types\/post"}],"author":[{"embeddable":true,"href":"https:\/\/tvtecjundiai.com.br\/news\/wp-json\/wp\/v2\/users\/8"}],"replies":[{"embeddable":true,"href":"https:\/\/tvtecjundiai.com.br\/news\/wp-json\/wp\/v2\/comments?post=43120"}],"version-history":[{"count":5,"href":"https:\/\/tvtecjundiai.com.br\/news\/wp-json\/wp\/v2\/posts\/43120\/revisions"}],"predecessor-version":[{"id":43336,"href":"https:\/\/tvtecjundiai.com.br\/news\/wp-json\/wp\/v2\/posts\/43120\/revisions\/43336"}],"wp:featuredmedia":[{"embeddable":true,"href":"https:\/\/tvtecjundiai.com.br\/news\/wp-json\/wp\/v2\/media\/43335"}],"wp:attachment":[{"href":"https:\/\/tvtecjundiai.com.br\/news\/wp-json\/wp\/v2\/media?parent=43120"}],"wp:term":[{"taxonomy":"category","embeddable":true,"href":"https:\/\/tvtecjundiai.com.br\/news\/wp-json\/wp\/v2\/categories?post=43120"},{"taxonomy":"post_tag","embeddable":true,"href":"https:\/\/tvtecjundiai.com.br\/news\/wp-json\/wp\/v2\/tags?post=43120"}],"curies":[{"name":"wp","href":"https:\/\/api.w.org\/{rel}","templated":true}]}}