{"id":43144,"date":"2019-12-17T10:48:16","date_gmt":"2019-12-17T12:48:16","guid":{"rendered":"https:\/\/tvtecjundiai.com.br\/news\/?p=43144"},"modified":"2019-12-17T10:48:16","modified_gmt":"2019-12-17T12:48:16","slug":"cultura-abre-as-inscricoes-de-atores-e-atrizes-para-a-festa-da-uva-2020","status":"publish","type":"post","link":"https:\/\/tvtecjundiai.com.br\/news\/2019\/12\/17\/cultura-abre-as-inscricoes-de-atores-e-atrizes-para-a-festa-da-uva-2020\/","title":{"rendered":"Cultura abre as inscri\u00e7\u00f5es de atores e atrizes para a Festa da Uva 2020"},"content":{"rendered":"<p>Est\u00e3o abertas as inscri\u00e7\u00f5es para atores e atrizes interessados em compor a Casa do Colono da\u00a0<a href=\"https:\/\/festadauva.jundiai.sp.gov.br\/\" target=\"_blank\" rel=\"noopener noreferrer\">37\u00aa Festa da Uva e 8\u00aa Expo Vinhos de Jundia\u00ed<\/a>. Os interessados devem possuir CNPJ e registro na Delegacia Regional do Trabalho (DRT) e realizar a inclus\u00e3o gratuita de seu projeto no ambiente \u201cCasa do Colono\u201d, dispon\u00edvel no\u00a0<a href=\"https:\/\/cultura.jundiai.sp.gov.br\/cadastro-de-artistas\/\" target=\"_blank\" rel=\"noopener noreferrer\">Cadastro de Artistas no site da Cultura<\/a>.<\/p>\n<div id=\"attachment_43145\" style=\"width: 414px\" class=\"wp-caption alignleft\"><a href=\"https:\/\/tvtecjundiai.com.br\/news\/wp-content\/uploads\/sites\/2\/2019\/12\/casa_do_colono-1280x894.jpg\"><img loading=\"lazy\" decoding=\"async\" aria-describedby=\"caption-attachment-43145\" class=\"wp-image-43145\" src=\"https:\/\/tvtecjundiai.com.br\/news\/wp-content\/uploads\/sites\/2\/2019\/12\/casa_do_colono-1280x894-300x210.jpg\" alt=\"\" width=\"404\" height=\"283\" srcset=\"https:\/\/tvtecjundiai.com.br\/news\/wp-content\/uploads\/sites\/2\/2019\/12\/casa_do_colono-1280x894-300x210.jpg 300w, https:\/\/tvtecjundiai.com.br\/news\/wp-content\/uploads\/sites\/2\/2019\/12\/casa_do_colono-1280x894-768x536.jpg 768w, https:\/\/tvtecjundiai.com.br\/news\/wp-content\/uploads\/sites\/2\/2019\/12\/casa_do_colono-1280x894-1200x838.jpg 1200w, https:\/\/tvtecjundiai.com.br\/news\/wp-content\/uploads\/sites\/2\/2019\/12\/casa_do_colono-1280x894.jpg 1280w\" sizes=\"auto, (max-width: 404px) 100vw, 404px\" \/><\/a><p id=\"caption-attachment-43145\" class=\"wp-caption-text\">Casa do Colono retrata um recorte hist\u00f3rico das origens da Festa da Uva<\/p><\/div>\n<p>Num retrato das fam\u00edlias de imigrantes que chegaram a Jundia\u00ed para trabalhar no cultivo da uva e produ\u00e7\u00e3o de vinho, a atra\u00e7\u00e3o d\u00e1 as boas-vindas aos visitantes \u00e0 tradicional festa, que ser\u00e1 realizada nos dias 16, 17, 18, 19, 24, 25, 26 e 31 de janeiro e 01 e 02 de fevereiro do ano que vem no Parque Comendador Ant\u00f4nio Carbonari (Parque da Uva).<\/p>\n<p>A Unidade de Gest\u00e3o de Cultura ressalta que, al\u00e9m da inclus\u00e3o do Cadastro, \u00e9 necess\u00e1ria a inclus\u00e3o de projeto. Al\u00e9m disso, o sucesso na inscri\u00e7\u00e3o n\u00e3o implica em autom\u00e1tica contrata\u00e7\u00e3o, uma vez que projetos inscritos passar\u00e3o por curadoria e sele\u00e7\u00e3o.<\/p>\n<p>Lan\u00e7ado em 2017, o Cadastro de Artistas conta atualmente com mais de 1200 inscritos e \u00e9 uma ferramenta online, desenvolvida em parceria com a Companhia de Inform\u00e1tica de Jundia\u00ed (Cijun). Al\u00e9m das contrata\u00e7\u00f5es dos artistas para os eventos da agenda cultural municipal, qualquer pessoa ou empresa interessada em realizar contrata\u00e7\u00f5es pode acessar o banco de dados.<\/p>\n<p>Para os artistas que ainda tiverem d\u00favidas sobre o Cadastro, a UGC mant\u00e9m um canal aberto para atendimento presencial. Artistas interessados devem somente agendar um hor\u00e1rio pelo telefone 4585-9750. O Complexo Fepasa fica na avenida Uni\u00e3o dos Ferrovi\u00e1rios, 1760.<\/p>\n<p><em>(Fonte\/Imagem: Prefeitura de Jundia\u00ed)<\/em><\/p>\n","protected":false},"excerpt":{"rendered":"<p>Festa acontece nos dias 16, 17, 18, 19, 24, 25, 26 e 31 de janeiro, 01 e 02 de fevereiro <\/p>\n","protected":false},"author":13,"featured_media":43145,"comment_status":"closed","ping_status":"closed","sticky":false,"template":"","format":"standard","meta":{"footnotes":""},"categories":[2834,1],"tags":[6169],"class_list":["post-43144","post","type-post","status-publish","format-standard","has-post-thumbnail","hentry","category-cidades","category-noticias","tag-festa-da-uva-2020"],"_links":{"self":[{"href":"https:\/\/tvtecjundiai.com.br\/news\/wp-json\/wp\/v2\/posts\/43144","targetHints":{"allow":["GET"]}}],"collection":[{"href":"https:\/\/tvtecjundiai.com.br\/news\/wp-json\/wp\/v2\/posts"}],"about":[{"href":"https:\/\/tvtecjundiai.com.br\/news\/wp-json\/wp\/v2\/types\/post"}],"author":[{"embeddable":true,"href":"https:\/\/tvtecjundiai.com.br\/news\/wp-json\/wp\/v2\/users\/13"}],"replies":[{"embeddable":true,"href":"https:\/\/tvtecjundiai.com.br\/news\/wp-json\/wp\/v2\/comments?post=43144"}],"version-history":[{"count":1,"href":"https:\/\/tvtecjundiai.com.br\/news\/wp-json\/wp\/v2\/posts\/43144\/revisions"}],"predecessor-version":[{"id":43146,"href":"https:\/\/tvtecjundiai.com.br\/news\/wp-json\/wp\/v2\/posts\/43144\/revisions\/43146"}],"wp:featuredmedia":[{"embeddable":true,"href":"https:\/\/tvtecjundiai.com.br\/news\/wp-json\/wp\/v2\/media\/43145"}],"wp:attachment":[{"href":"https:\/\/tvtecjundiai.com.br\/news\/wp-json\/wp\/v2\/media?parent=43144"}],"wp:term":[{"taxonomy":"category","embeddable":true,"href":"https:\/\/tvtecjundiai.com.br\/news\/wp-json\/wp\/v2\/categories?post=43144"},{"taxonomy":"post_tag","embeddable":true,"href":"https:\/\/tvtecjundiai.com.br\/news\/wp-json\/wp\/v2\/tags?post=43144"}],"curies":[{"name":"wp","href":"https:\/\/api.w.org\/{rel}","templated":true}]}}