{"id":4315,"date":"2017-12-22T14:55:15","date_gmt":"2017-12-22T16:55:15","guid":{"rendered":"https:\/\/tvtecjundiai.com.br\/news\/?p=4315"},"modified":"2017-12-22T15:01:37","modified_gmt":"2017-12-22T17:01:37","slug":"cidades-mais-de-12-mil-brinquedos-sao-entregues-pela-natal-solidario","status":"publish","type":"post","link":"https:\/\/tvtecjundiai.com.br\/news\/2017\/12\/22\/cidades-mais-de-12-mil-brinquedos-sao-entregues-pela-natal-solidario\/","title":{"rendered":"Cidades: mais de 12 mil brinquedos s\u00e3o entregues pela Natal Solid\u00e1rio"},"content":{"rendered":"<p>Sebasti\u00e3o Ferreira de Oliveira n\u00e3o escondia a felicidade ao receber os brinquedos que ser\u00e3o doados para 176 crian\u00e7as do Jardim S\u00e3o Camilo e do Jardim Tarum\u00e3. Ao todo, 63 fam\u00edlias ser\u00e3o beneficiadas. \u201cDificilmente, estes pequenos teriam um brinquedo para abrir no Natal e, com a ajuda do Fundo Social de Solidariedade, eles ter\u00e3o um dia mais feliz\u201d, explicou o presidente da Confer\u00eancia dos Vicentinos S\u00e3o Francisco de Assis.<\/p>\n<div id=\"attachment_4316\" style=\"width: 485px\" class=\"wp-caption alignleft\"><a href=\"https:\/\/tvtecjundiai.com.br\/news\/wp-content\/uploads\/sites\/2\/2017\/12\/campanha-natal-solidario.jpg\"><img loading=\"lazy\" decoding=\"async\" aria-describedby=\"caption-attachment-4316\" class=\"wp-image-4316\" src=\"https:\/\/tvtecjundiai.com.br\/news\/wp-content\/uploads\/sites\/2\/2017\/12\/campanha-natal-solidario-300x200.jpg\" alt=\"\" width=\"475\" height=\"316\" srcset=\"https:\/\/tvtecjundiai.com.br\/news\/wp-content\/uploads\/sites\/2\/2017\/12\/campanha-natal-solidario-300x200.jpg 300w, https:\/\/tvtecjundiai.com.br\/news\/wp-content\/uploads\/sites\/2\/2017\/12\/campanha-natal-solidario-768x512.jpg 768w, https:\/\/tvtecjundiai.com.br\/news\/wp-content\/uploads\/sites\/2\/2017\/12\/campanha-natal-solidario-1200x800.jpg 1200w, https:\/\/tvtecjundiai.com.br\/news\/wp-content\/uploads\/sites\/2\/2017\/12\/campanha-natal-solidario.jpg 1280w\" sizes=\"auto, (max-width: 475px) 100vw, 475px\" \/><\/a><p id=\"caption-attachment-4316\" class=\"wp-caption-text\">Maria Lu\u00edsa: brinquedos v\u00e3o mudar para melhor o Natal de muitas crian\u00e7as<\/p><\/div>\n<p>Maria Lu\u00edsa Casanova, respons\u00e1vel pelo atendimento \u00e0s fam\u00edlias assistidas pela Associa\u00e7\u00e3o de Combate a Aids Infantil (ACAI), lotou a ca\u00e7amba do ve\u00edculo utilit\u00e1rio com brinquedos para diferentes faixas et\u00e1rias. \u201cN\u00e3o h\u00e1 como descrever o que esta ajuda significa. Com esta doa\u00e7\u00e3o, vamos transformar o Natal de 33 crian\u00e7as, de 20 fam\u00edlias diferentes que, provavelmente, teriam dificuldade para comprar um presente com esta qualidade\u201d, disse.<\/p>\n<p><strong>LEIA TAMB\u00c9M<\/strong><br \/>\n<a href=\"https:\/\/www.jundiai.sp.gov.br\/noticias\/2017\/12\/21\/jogo-beneficente-arrecada-18-toneladas-de-alimentos-para-o-funss\/\" target=\"_blank\" rel=\"noopener\">Jogo beneficente arrecada 18 toneladas de alimentos para o Funss<\/a><br \/>\n<a href=\"https:\/\/www.jundiai.sp.gov.br\/noticias\/2017\/12\/18\/campanha-natal-solidario-recebe-doacoes-de-brinquedos\/\" target=\"_blank\" rel=\"noopener\">Campanha Natal Solid\u00e1rio recebe doa\u00e7\u00f5es de brinquedos<\/a><\/p>\n<p>Promovida pelo Fundo Social de Solidariedade de Jundia\u00ed (Funss), a Campanha Natal Solid\u00e1rio doou 11.724 brinquedos novos, adquiridos pela Prefeitura de Jundia\u00ed. Foram atendidas crian\u00e7as com idade entre zero e 12 anos, assistidas por uma das 130 entidades com cadastro atualizado na unidade. Entre os brinquedos entregues est\u00e3o: Girafa Did\u00e1tica com 10 pe\u00e7as com formas geom\u00e9tricas (meninos e meninas, de zero a tr\u00eas anos); Super Bombeiros, com um carrinho e um boneco (meninos de quatro a sete anos); Boneca (meninas de quatro a sete anos); Bola de Campo (meninos de oito a 12 anos) e Bola de V\u00f4lei de Praia (meninas de oito a 12 anos). \u201cAs institui\u00e7\u00f5es tiveram um prazo para retirar e entregar as fichas com o levantamento da demanda. Todas as entidades com os dados atualizados no Fundo Social de Solidariedade foram atendidas e, a partir disso, far\u00e3o as entregas \u00e0s crian\u00e7as\u201d, explicou Vanessa Machado, presidente do Funss.<\/p>\n<p>A Campanha Natal Solid\u00e1rio contou, ainda, com a colabora\u00e7\u00e3o espont\u00e2nea da popula\u00e7\u00e3o, que pode fazer as suas doa\u00e7\u00f5es em dois pontos permanentes de arrecada\u00e7\u00e3o: o Fundo Social de Solidariedade, no Anhangaba\u00fa, e o Pa\u00e7o Municipal, no Jardim Bot\u00e2nico. A proposta foi oferecer op\u00e7\u00f5es de locais de coleta, facilitando o acesso dos interessados.<\/p>\n<p>Quem tamb\u00e9m apoiou a Campanha Natal Solid\u00e1rio foi a Guarda Municipal de Jundia\u00ed. Mais de 500 itens novos foram arrecadados em um dos eventos em comemora\u00e7\u00e3o aos 68 anos da corpora\u00e7\u00e3o e doados ao Fundo Social. \u201cReunimos as fam\u00edlias e alguns convidados para uma confraterniza\u00e7\u00e3o e sugerimos a doa\u00e7\u00e3o. Afinal, o trabalho da GM vai al\u00e9m do operacional, do monitoramento e da seguran\u00e7a da cidade. Nossa atua\u00e7\u00e3o tamb\u00e9m tem como ess\u00eancia o social e o cuidado com a popula\u00e7\u00e3o e, por isso, ficamos felizes em poder ajudar\u201d, explicou o subcomandante, Sandro Donizeti Villas Boas.\u00a0As contribui\u00e7\u00f5es\u00a0chegaram, ainda, por meio de grupos e organiza\u00e7\u00f5es, escolas particulares e p\u00fablicas, al\u00e9m de empresas de Jundia\u00ed e regi\u00e3o.<\/p>\n<p>\u201cSabemos que Jundia\u00ed \u00e9 uma cidade muito solid\u00e1ria ao pr\u00f3ximo e acolhedora \u00e0s causas sociais e, por isso, o nosso cora\u00e7\u00e3o se enche de alegria e gratid\u00e3o com tantas colabora\u00e7\u00f5es. O Fundo Social de Solidariedade espera continuar recebendo de toda comunidade o apoio sempre necess\u00e1rio para a continuidade de suas a\u00e7\u00f5es, pensando no bem-estar do pr\u00f3ximo e no desenvolvimento de Jundia\u00ed\u201d, concluiu Vanessa.<\/p>\n<p><strong>Trabalho cont\u00ednuo<\/strong><br \/>\nO Fundo Social de Solidariedade desenvolve, durante todo o ano, a Campanha Permanente de Solidariedade, com foco em diferentes doa\u00e7\u00f5es, como vestu\u00e1rio para crian\u00e7as, jovens e adultos, roupas de cama, toalhas de banho, \u00e1gua mineral, produtos de higiene pessoal e limpeza, al\u00e9m de alimentos n\u00e3o perec\u00edveis e dentro do prazo de validade. Os interessados em colaborar podem entrar em contato pelos telefones (11) 4521-2929, 4521-2762 e 4521-6833. O Fundo Social de Solidariedade est\u00e1 localizado na Avenida Dona Manoela Lacerda de Vergueiro, s\/n\u00ba, port\u00e3o 3, Parque da Uva, no Anhangaba\u00fa. O funcionamento \u00e9 de segunda a sexta-feira, das 8h \u00e0s 17h, exceto feriados.<\/p>\n<p><strong><em>Fonte: Prefeitura de Jundia\u00ed<\/em><\/strong><\/p>\n","protected":false},"excerpt":{"rendered":"<p>A campanha atendeu crian\u00e7as com idade entre zero e 12 anos<\/p>\n","protected":false},"author":8,"featured_media":4316,"comment_status":"closed","ping_status":"closed","sticky":false,"template":"","format":"standard","meta":{"footnotes":""},"categories":[1],"tags":[62,153],"class_list":["post-4315","post","type-post","status-publish","format-standard","has-post-thumbnail","hentry","category-noticias","tag-funss","tag-natal-solidario"],"_links":{"self":[{"href":"https:\/\/tvtecjundiai.com.br\/news\/wp-json\/wp\/v2\/posts\/4315","targetHints":{"allow":["GET"]}}],"collection":[{"href":"https:\/\/tvtecjundiai.com.br\/news\/wp-json\/wp\/v2\/posts"}],"about":[{"href":"https:\/\/tvtecjundiai.com.br\/news\/wp-json\/wp\/v2\/types\/post"}],"author":[{"embeddable":true,"href":"https:\/\/tvtecjundiai.com.br\/news\/wp-json\/wp\/v2\/users\/8"}],"replies":[{"embeddable":true,"href":"https:\/\/tvtecjundiai.com.br\/news\/wp-json\/wp\/v2\/comments?post=4315"}],"version-history":[{"count":2,"href":"https:\/\/tvtecjundiai.com.br\/news\/wp-json\/wp\/v2\/posts\/4315\/revisions"}],"predecessor-version":[{"id":4324,"href":"https:\/\/tvtecjundiai.com.br\/news\/wp-json\/wp\/v2\/posts\/4315\/revisions\/4324"}],"wp:featuredmedia":[{"embeddable":true,"href":"https:\/\/tvtecjundiai.com.br\/news\/wp-json\/wp\/v2\/media\/4316"}],"wp:attachment":[{"href":"https:\/\/tvtecjundiai.com.br\/news\/wp-json\/wp\/v2\/media?parent=4315"}],"wp:term":[{"taxonomy":"category","embeddable":true,"href":"https:\/\/tvtecjundiai.com.br\/news\/wp-json\/wp\/v2\/categories?post=4315"},{"taxonomy":"post_tag","embeddable":true,"href":"https:\/\/tvtecjundiai.com.br\/news\/wp-json\/wp\/v2\/tags?post=4315"}],"curies":[{"name":"wp","href":"https:\/\/api.w.org\/{rel}","templated":true}]}}