{"id":43251,"date":"2019-12-18T11:17:35","date_gmt":"2019-12-18T13:17:35","guid":{"rendered":"https:\/\/tvtecjundiai.com.br\/news\/?p=43251"},"modified":"2019-12-18T11:17:35","modified_gmt":"2019-12-18T13:17:35","slug":"big-trem-super-star-faz-alegria-pelos-bairros-de-jundiai","status":"publish","type":"post","link":"https:\/\/tvtecjundiai.com.br\/news\/2019\/12\/18\/big-trem-super-star-faz-alegria-pelos-bairros-de-jundiai\/","title":{"rendered":"Big Trem Super Star faz alegria pelos bairros de Jundia\u00ed"},"content":{"rendered":"<p>O trem iluminado com personagens ic\u00f4nicos da TV brasileira como Chiquinha, Chaves e Fof\u00e3o est\u00e1 ganhando as ruas de Jundia\u00ed. Conhecido como Big Trem Super Star fica mais alguns dia na cidade com sa\u00edda no Terminal Central.<\/p>\n<div id=\"attachment_43254\" style=\"width: 431px\" class=\"wp-caption alignright\"><a href=\"https:\/\/tvtecjundiai.com.br\/news\/wp-content\/uploads\/sites\/2\/2019\/12\/1576596498-e1576674997344.png\"><img loading=\"lazy\" decoding=\"async\" aria-describedby=\"caption-attachment-43254\" class=\"wp-image-43254\" src=\"https:\/\/tvtecjundiai.com.br\/news\/wp-content\/uploads\/sites\/2\/2019\/12\/1576596498-e1576674997344-300x294.png\" alt=\"\" width=\"421\" height=\"413\" srcset=\"https:\/\/tvtecjundiai.com.br\/news\/wp-content\/uploads\/sites\/2\/2019\/12\/1576596498-e1576674997344-300x294.png 300w, https:\/\/tvtecjundiai.com.br\/news\/wp-content\/uploads\/sites\/2\/2019\/12\/1576596498-e1576674997344.png 510w\" sizes=\"auto, (max-width: 421px) 100vw, 421px\" \/><\/a><p id=\"caption-attachment-43254\" class=\"wp-caption-text\">Atra\u00e7\u00e3o fica na cidade at\u00e9 a pr\u00f3xima segunda-feira (23)<\/p><\/div>\n<p>O trajeto com ponto inicial de segunda a sexta, das 17h \u00e0s 22h, aos s\u00e1bados e domingos, das 15h30 \u00e0s 22h, com sa\u00edda do Jardim Tamoio, fazendo percurso de 40 minutos.\u00a0Para participar da &#8216;viagem&#8217;, basta esperar em um dos pontos do trajeto que atravessa a cidade.<\/p>\n<p>Vale lembrar que Big Trem Super Star fica em Jundia\u00ed at\u00e9 a pr\u00f3xima segunda-feira (23).<\/p>\n<p><strong>Confira os pontos de embarque:\u00a0<\/strong><\/p>\n<ul>\n<li>Terminal Central<\/li>\n<li>Jardim Tamoio (principais ruas &#8211; basta acenar para solicitar a parada)<\/li>\n<li>Terminal Col\u00f4nia<\/li>\n<li>Jardim Pacaembu (principais ruas &#8211; basta acenar para solicitar a parada)<\/li>\n<li>Ponte S\u00e3o Jo\u00e3o (principais ruas &#8211; basta acenar para solicitar a parada)<\/li>\n<\/ul>\n<p><strong>Ingressos<\/strong><\/p>\n<ul>\n<li>Vendidos na hora, os ingressos saem por R$10,00 com isen\u00e7\u00e3o para crian\u00e7as de at\u00e9 2 anos e pessoas com defici\u00eancia f\u00edsica ou mental.<\/li>\n<\/ul>\n<p>Outras informa\u00e7\u00f5es est\u00e3o dispon\u00edveis no Facebook Oficial. Para acess\u00e1-lo, <a href=\"https:\/\/www.facebook.com\/BigTremSuperStar\/\">clique aqui.\u00a0<\/a><\/p>\n<p><em>(Fonte\/Imagem: Tudo.com.vc)<\/em><\/p>\n","protected":false},"excerpt":{"rendered":"<p>Atra\u00e7\u00e3o fica na cidade at\u00e9 a pr\u00f3xima segunda-feira (23) <\/p>\n","protected":false},"author":13,"featured_media":43252,"comment_status":"closed","ping_status":"closed","sticky":false,"template":"","format":"standard","meta":{"footnotes":""},"categories":[2834,1],"tags":[],"class_list":["post-43251","post","type-post","status-publish","format-standard","has-post-thumbnail","hentry","category-cidades","category-noticias"],"_links":{"self":[{"href":"https:\/\/tvtecjundiai.com.br\/news\/wp-json\/wp\/v2\/posts\/43251","targetHints":{"allow":["GET"]}}],"collection":[{"href":"https:\/\/tvtecjundiai.com.br\/news\/wp-json\/wp\/v2\/posts"}],"about":[{"href":"https:\/\/tvtecjundiai.com.br\/news\/wp-json\/wp\/v2\/types\/post"}],"author":[{"embeddable":true,"href":"https:\/\/tvtecjundiai.com.br\/news\/wp-json\/wp\/v2\/users\/13"}],"replies":[{"embeddable":true,"href":"https:\/\/tvtecjundiai.com.br\/news\/wp-json\/wp\/v2\/comments?post=43251"}],"version-history":[{"count":2,"href":"https:\/\/tvtecjundiai.com.br\/news\/wp-json\/wp\/v2\/posts\/43251\/revisions"}],"predecessor-version":[{"id":43255,"href":"https:\/\/tvtecjundiai.com.br\/news\/wp-json\/wp\/v2\/posts\/43251\/revisions\/43255"}],"wp:featuredmedia":[{"embeddable":true,"href":"https:\/\/tvtecjundiai.com.br\/news\/wp-json\/wp\/v2\/media\/43252"}],"wp:attachment":[{"href":"https:\/\/tvtecjundiai.com.br\/news\/wp-json\/wp\/v2\/media?parent=43251"}],"wp:term":[{"taxonomy":"category","embeddable":true,"href":"https:\/\/tvtecjundiai.com.br\/news\/wp-json\/wp\/v2\/categories?post=43251"},{"taxonomy":"post_tag","embeddable":true,"href":"https:\/\/tvtecjundiai.com.br\/news\/wp-json\/wp\/v2\/tags?post=43251"}],"curies":[{"name":"wp","href":"https:\/\/api.w.org\/{rel}","templated":true}]}}